
{"id":3845,"date":"2020-06-15T13:42:34","date_gmt":"2020-06-15T13:42:34","guid":{"rendered":"https:\/\/somafel.com\/noticias\/somafel-consolida-a-sua-relacao-com-a-vale-s-a-atraves-de-dois-novos-contratos-de-empreitada-no-estado-do-para-brasil\/"},"modified":"2020-11-16T10:32:38","modified_gmt":"2020-11-16T10:32:38","slug":"somafel-consolida-a-sua-relacao-com-a-vale-s-a-atraves-de-dois-novos-contratos-de-empreitada-no-estado-do-para-brasil","status":"publish","type":"noticias","link":"https:\/\/somafel.com\/en\/noticias\/somafel-consolida-a-sua-relacao-com-a-vale-s-a-atraves-de-dois-novos-contratos-de-empreitada-no-estado-do-para-brasil\/","title":{"rendered":"SOMAFEL consolidates its relationship with VALE, S.A. through two new construction contracts in the State of Par\u00e1, Brazil"},"content":{"rendered":"\n<!--more-->\n\n<p>On 19 and 27 May, SOMAFEL Ltda (Brazil) and VALE, SA, signed two contracts.<\/p>\n\n<p>The first contract refers to the \u201cEmpreitada Total para a Execu\u00e7\u00e3o dos Servi\u00e7os de Drenagem e Repotenciamento das Vias de Rolamento do P\u00e1tio B Localizado no Complexo Minerador de Caraj\u00e1s\u201d (Full Contract Job for the Revamping of the Caraj\u00e1s Product Yard B Tracks located in the Caraj\u00e1s Mining Complex), which will be carried out at the Caraj\u00e1s Mine, in the State of Par\u00e1, Brazil. <\/p>\n\n<p>The contract job, which will have a duration of 240 days from the Service Order signed on May 25, 2020, consists of the demolition and removal of the existing track and execution of a new 650 m-long track, as well as drainage and levelling of Yard B, in an total construction area of 18,000 m2.<\/p>\n\n<p>With the signing of this new contract, SOMAFEL continues to operate at the Caraj\u00e1s Mine, one of VALE&#8217;s main iron mines, after successfully completing, last February, similar works in the Yard A of this mining complex.<\/p>\n\n<div class=\"wp-block-image\"><figure class=\"aligncenter\"><img loading=\"lazy\" decoding=\"async\" width=\"607\" height=\"455\" src=\"https:\/\/somafel.com\/wp-content\/uploads\/2020\/06\/mina-de-caraj\u00e1s-somafel-1.jpg\" alt=\"\" class=\"wp-image-3837\" srcset=\"https:\/\/somafel.com\/wp-content\/uploads\/2020\/06\/mina-de-caraj\u00e1s-somafel-1.jpg 607w, https:\/\/somafel.com\/wp-content\/uploads\/2020\/06\/mina-de-caraj\u00e1s-somafel-1-300x225.jpg 300w\" sizes=\"auto, (max-width: 607px) 100vw, 607px\" \/><figcaption>Caraj\u00e1s Mine<\/figcaption><\/figure><\/div>\n\n<p>The second one refers to the contract for \u201cEmpreitada Total para Execu\u00e7\u00e3o das Obras de Recupera\u00e7\u00e3o de Plataforma Ferrovi\u00e1ria da Linha 2, no Encontro E01 da Ponte Sobre o Rio Vermelho no Km 763 da EFC, e dos Servi\u00e7os no Km 789 nos Encontros da Ponte Ferrovi\u00e1ria Rio das On\u00e7as\u201d (Total Contract Job for the Recovery of the Railway Platform on Line 2, near River Vermelho Bridge at Km 763 of the EFC, and the Services at Km 789 near River On\u00e7as Bridge), which will be held in the Municipality of Marab\u00e1, also in the State of Par\u00e1.<\/p>\n\n<p>In this Contract, which will have a duration of 42 days from the Service Order signed on June 1, 2020, work will be carried out to reinforce the platform railway at Km 763 and 789 of the EFC.<\/p>\n\n<div class=\"wp-block-image\"><figure class=\"aligncenter\"><img loading=\"lazy\" decoding=\"async\" width=\"655\" height=\"454\" src=\"https:\/\/somafel.com\/wp-content\/uploads\/2020\/06\/plataforma-ferroviaria-da-linha-2.jpg\" alt=\"\" class=\"wp-image-3841\" srcset=\"https:\/\/somafel.com\/wp-content\/uploads\/2020\/06\/plataforma-ferroviaria-da-linha-2.jpg 655w, https:\/\/somafel.com\/wp-content\/uploads\/2020\/06\/plataforma-ferroviaria-da-linha-2-300x208.jpg 300w\" sizes=\"auto, (max-width: 655px) 100vw, 655px\" \/><figcaption>Rail Platform Line 2 <\/figcaption><\/figure><\/div>\n\n<p>The signing of these two contracts, in the midst of COVID-19&#8217;s pandemic crisis, not only consolidates SOMAFEL&#8217;s position with VALE as one of its leading suppliers in the railway sector, but also demonstrates the trust that VALE has recognized in SOMAFEL, over the past five years of continuous and sustained partnership.<\/p>\n","protected":false},"featured_media":3850,"template":"","class_list":["post-3845","noticias","type-noticias","status-publish","has-post-thumbnail","hentry"],"acf":[],"yoast_head":"<!-- This site is optimized with the Yoast SEO plugin v26.8 - https:\/\/yoast.com\/product\/yoast-seo-wordpress\/ -->\n<title>SOMAFEL consolidates its relationship with VALE, S.A. through two new construction contracts in the State of Par\u00e1, Brazil - SOMAFEL<\/title>\n<meta name=\"robots\" content=\"index, follow, max-snippet:-1, max-image-preview:large, max-video-preview:-1\" \/>\n<link rel=\"canonical\" href=\"https:\/\/somafel.com\/en\/noticias\/somafel-consolida-a-sua-relacao-com-a-vale-s-a-atraves-de-dois-novos-contratos-de-empreitada-no-estado-do-para-brasil\/\" \/>\n<meta property=\"og:locale\" content=\"en_US\" \/>\n<meta property=\"og:type\" content=\"article\" \/>\n<meta property=\"og:title\" content=\"SOMAFEL consolidates its relationship with VALE, S.A. through two new construction contracts in the State of Par\u00e1, Brazil - SOMAFEL\" \/>\n<meta property=\"og:url\" content=\"https:\/\/somafel.com\/en\/noticias\/somafel-consolida-a-sua-relacao-com-a-vale-s-a-atraves-de-dois-novos-contratos-de-empreitada-no-estado-do-para-brasil\/\" \/>\n<meta property=\"og:site_name\" content=\"SOMAFEL\" \/>\n<meta property=\"article:modified_time\" content=\"2020-11-16T10:32:38+00:00\" \/>\n<meta property=\"og:image\" content=\"https:\/\/somafel.com\/wp-content\/uploads\/2020\/06\/mina-de-carajas-destaque.jpg\" \/>\n\t<meta property=\"og:image:width\" content=\"1920\" \/>\n\t<meta property=\"og:image:height\" content=\"1000\" \/>\n\t<meta property=\"og:image:type\" content=\"image\/jpeg\" \/>\n<meta name=\"twitter:card\" content=\"summary_large_image\" \/>\n<meta name=\"twitter:label1\" content=\"Est. reading time\" \/>\n\t<meta name=\"twitter:data1\" content=\"2 minutes\" \/>\n<script type=\"application\/ld+json\" class=\"yoast-schema-graph\">{\"@context\":\"https:\/\/schema.org\",\"@graph\":[{\"@type\":\"WebPage\",\"@id\":\"https:\/\/somafel.com\/en\/noticias\/somafel-consolida-a-sua-relacao-com-a-vale-s-a-atraves-de-dois-novos-contratos-de-empreitada-no-estado-do-para-brasil\/\",\"url\":\"https:\/\/somafel.com\/en\/noticias\/somafel-consolida-a-sua-relacao-com-a-vale-s-a-atraves-de-dois-novos-contratos-de-empreitada-no-estado-do-para-brasil\/\",\"name\":\"SOMAFEL consolidates its relationship with VALE, S.A. through two new construction contracts in the State of Par\u00e1, Brazil - SOMAFEL\",\"isPartOf\":{\"@id\":\"https:\/\/somafel.com\/en\/#website\"},\"primaryImageOfPage\":{\"@id\":\"https:\/\/somafel.com\/en\/noticias\/somafel-consolida-a-sua-relacao-com-a-vale-s-a-atraves-de-dois-novos-contratos-de-empreitada-no-estado-do-para-brasil\/#primaryimage\"},\"image\":{\"@id\":\"https:\/\/somafel.com\/en\/noticias\/somafel-consolida-a-sua-relacao-com-a-vale-s-a-atraves-de-dois-novos-contratos-de-empreitada-no-estado-do-para-brasil\/#primaryimage\"},\"thumbnailUrl\":\"https:\/\/somafel.com\/wp-content\/uploads\/2020\/06\/mina-de-carajas-destaque.jpg\",\"datePublished\":\"2020-06-15T13:42:34+00:00\",\"dateModified\":\"2020-11-16T10:32:38+00:00\",\"breadcrumb\":{\"@id\":\"https:\/\/somafel.com\/en\/noticias\/somafel-consolida-a-sua-relacao-com-a-vale-s-a-atraves-de-dois-novos-contratos-de-empreitada-no-estado-do-para-brasil\/#breadcrumb\"},\"inLanguage\":\"en-US\",\"potentialAction\":[{\"@type\":\"ReadAction\",\"target\":[\"https:\/\/somafel.com\/en\/noticias\/somafel-consolida-a-sua-relacao-com-a-vale-s-a-atraves-de-dois-novos-contratos-de-empreitada-no-estado-do-para-brasil\/\"]}]},{\"@type\":\"ImageObject\",\"inLanguage\":\"en-US\",\"@id\":\"https:\/\/somafel.com\/en\/noticias\/somafel-consolida-a-sua-relacao-com-a-vale-s-a-atraves-de-dois-novos-contratos-de-empreitada-no-estado-do-para-brasil\/#primaryimage\",\"url\":\"https:\/\/somafel.com\/wp-content\/uploads\/2020\/06\/mina-de-carajas-destaque.jpg\",\"contentUrl\":\"https:\/\/somafel.com\/wp-content\/uploads\/2020\/06\/mina-de-carajas-destaque.jpg\",\"width\":1920,\"height\":1000},{\"@type\":\"BreadcrumbList\",\"@id\":\"https:\/\/somafel.com\/en\/noticias\/somafel-consolida-a-sua-relacao-com-a-vale-s-a-atraves-de-dois-novos-contratos-de-empreitada-no-estado-do-para-brasil\/#breadcrumb\",\"itemListElement\":[{\"@type\":\"ListItem\",\"position\":1,\"name\":\"Start\",\"item\":\"https:\/\/somafel.com\/en\/\"},{\"@type\":\"ListItem\",\"position\":2,\"name\":\"News\",\"item\":\"https:\/\/somafel.com\/en\/noticias\/\"},{\"@type\":\"ListItem\",\"position\":3,\"name\":\"SOMAFEL consolidates its relationship with VALE, S.A. through two new construction contracts in the State of Par\u00e1, Brazil\"}]},{\"@type\":\"WebSite\",\"@id\":\"https:\/\/somafel.com\/en\/#website\",\"url\":\"https:\/\/somafel.com\/en\/\",\"name\":\"SOMAFEL\",\"description\":\"Railway Works Experts\",\"potentialAction\":[{\"@type\":\"SearchAction\",\"target\":{\"@type\":\"EntryPoint\",\"urlTemplate\":\"https:\/\/somafel.com\/en\/?s={search_term_string}\"},\"query-input\":{\"@type\":\"PropertyValueSpecification\",\"valueRequired\":true,\"valueName\":\"search_term_string\"}}],\"inLanguage\":\"en-US\"}]}<\/script>\n<!-- \/ Yoast SEO plugin. -->","yoast_head_json":{"title":"SOMAFEL consolidates its relationship with VALE, S.A. through two new construction contracts in the State of Par\u00e1, Brazil - SOMAFEL","robots":{"index":"index","follow":"follow","max-snippet":"max-snippet:-1","max-image-preview":"max-image-preview:large","max-video-preview":"max-video-preview:-1"},"canonical":"https:\/\/somafel.com\/en\/noticias\/somafel-consolida-a-sua-relacao-com-a-vale-s-a-atraves-de-dois-novos-contratos-de-empreitada-no-estado-do-para-brasil\/","og_locale":"en_US","og_type":"article","og_title":"SOMAFEL consolidates its relationship with VALE, S.A. through two new construction contracts in the State of Par\u00e1, Brazil - SOMAFEL","og_url":"https:\/\/somafel.com\/en\/noticias\/somafel-consolida-a-sua-relacao-com-a-vale-s-a-atraves-de-dois-novos-contratos-de-empreitada-no-estado-do-para-brasil\/","og_site_name":"SOMAFEL","article_modified_time":"2020-11-16T10:32:38+00:00","og_image":[{"width":1920,"height":1000,"url":"https:\/\/somafel.com\/wp-content\/uploads\/2020\/06\/mina-de-carajas-destaque.jpg","type":"image\/jpeg"}],"twitter_card":"summary_large_image","twitter_misc":{"Est. reading time":"2 minutes"},"schema":{"@context":"https:\/\/schema.org","@graph":[{"@type":"WebPage","@id":"https:\/\/somafel.com\/en\/noticias\/somafel-consolida-a-sua-relacao-com-a-vale-s-a-atraves-de-dois-novos-contratos-de-empreitada-no-estado-do-para-brasil\/","url":"https:\/\/somafel.com\/en\/noticias\/somafel-consolida-a-sua-relacao-com-a-vale-s-a-atraves-de-dois-novos-contratos-de-empreitada-no-estado-do-para-brasil\/","name":"SOMAFEL consolidates its relationship with VALE, S.A. through two new construction contracts in the State of Par\u00e1, Brazil - SOMAFEL","isPartOf":{"@id":"https:\/\/somafel.com\/en\/#website"},"primaryImageOfPage":{"@id":"https:\/\/somafel.com\/en\/noticias\/somafel-consolida-a-sua-relacao-com-a-vale-s-a-atraves-de-dois-novos-contratos-de-empreitada-no-estado-do-para-brasil\/#primaryimage"},"image":{"@id":"https:\/\/somafel.com\/en\/noticias\/somafel-consolida-a-sua-relacao-com-a-vale-s-a-atraves-de-dois-novos-contratos-de-empreitada-no-estado-do-para-brasil\/#primaryimage"},"thumbnailUrl":"https:\/\/somafel.com\/wp-content\/uploads\/2020\/06\/mina-de-carajas-destaque.jpg","datePublished":"2020-06-15T13:42:34+00:00","dateModified":"2020-11-16T10:32:38+00:00","breadcrumb":{"@id":"https:\/\/somafel.com\/en\/noticias\/somafel-consolida-a-sua-relacao-com-a-vale-s-a-atraves-de-dois-novos-contratos-de-empreitada-no-estado-do-para-brasil\/#breadcrumb"},"inLanguage":"en-US","potentialAction":[{"@type":"ReadAction","target":["https:\/\/somafel.com\/en\/noticias\/somafel-consolida-a-sua-relacao-com-a-vale-s-a-atraves-de-dois-novos-contratos-de-empreitada-no-estado-do-para-brasil\/"]}]},{"@type":"ImageObject","inLanguage":"en-US","@id":"https:\/\/somafel.com\/en\/noticias\/somafel-consolida-a-sua-relacao-com-a-vale-s-a-atraves-de-dois-novos-contratos-de-empreitada-no-estado-do-para-brasil\/#primaryimage","url":"https:\/\/somafel.com\/wp-content\/uploads\/2020\/06\/mina-de-carajas-destaque.jpg","contentUrl":"https:\/\/somafel.com\/wp-content\/uploads\/2020\/06\/mina-de-carajas-destaque.jpg","width":1920,"height":1000},{"@type":"BreadcrumbList","@id":"https:\/\/somafel.com\/en\/noticias\/somafel-consolida-a-sua-relacao-com-a-vale-s-a-atraves-de-dois-novos-contratos-de-empreitada-no-estado-do-para-brasil\/#breadcrumb","itemListElement":[{"@type":"ListItem","position":1,"name":"Start","item":"https:\/\/somafel.com\/en\/"},{"@type":"ListItem","position":2,"name":"News","item":"https:\/\/somafel.com\/en\/noticias\/"},{"@type":"ListItem","position":3,"name":"SOMAFEL consolidates its relationship with VALE, S.A. through two new construction contracts in the State of Par\u00e1, Brazil"}]},{"@type":"WebSite","@id":"https:\/\/somafel.com\/en\/#website","url":"https:\/\/somafel.com\/en\/","name":"SOMAFEL","description":"Railway Works Experts","potentialAction":[{"@type":"SearchAction","target":{"@type":"EntryPoint","urlTemplate":"https:\/\/somafel.com\/en\/?s={search_term_string}"},"query-input":{"@type":"PropertyValueSpecification","valueRequired":true,"valueName":"search_term_string"}}],"inLanguage":"en-US"}]}},"uagb_featured_image_src":{"full":["https:\/\/somafel.com\/wp-content\/uploads\/2020\/06\/mina-de-carajas-destaque.jpg",1920,1000,false],"thumbnail":["https:\/\/somafel.com\/wp-content\/uploads\/2020\/06\/mina-de-carajas-destaque-150x150.jpg",150,150,true],"medium":["https:\/\/somafel.com\/wp-content\/uploads\/2020\/06\/mina-de-carajas-destaque-300x156.jpg",300,156,true],"medium_large":["https:\/\/somafel.com\/wp-content\/uploads\/2020\/06\/mina-de-carajas-destaque-768x400.jpg",768,400,true],"large":["https:\/\/somafel.com\/wp-content\/uploads\/2020\/06\/mina-de-carajas-destaque-1024x533.jpg",1024,533,true],"1536x1536":["https:\/\/somafel.com\/wp-content\/uploads\/2020\/06\/mina-de-carajas-destaque.jpg",1536,800,false],"2048x2048":["https:\/\/somafel.com\/wp-content\/uploads\/2020\/06\/mina-de-carajas-destaque.jpg",1920,1000,false],"custom-size":["https:\/\/somafel.com\/wp-content\/uploads\/2020\/06\/mina-de-carajas-destaque-390x260.jpg",390,260,true]},"uagb_author_info":{"display_name":"","author_link":"https:\/\/somafel.com\/en\/author\/"},"uagb_comment_info":0,"uagb_excerpt":null,"_links":{"self":[{"href":"https:\/\/somafel.com\/en\/wp-json\/wp\/v2\/noticias\/3845","targetHints":{"allow":["GET"]}}],"collection":[{"href":"https:\/\/somafel.com\/en\/wp-json\/wp\/v2\/noticias"}],"about":[{"href":"https:\/\/somafel.com\/en\/wp-json\/wp\/v2\/types\/noticias"}],"wp:featuredmedia":[{"embeddable":true,"href":"https:\/\/somafel.com\/en\/wp-json\/wp\/v2\/media\/3850"}],"wp:attachment":[{"href":"https:\/\/somafel.com\/en\/wp-json\/wp\/v2\/media?parent=3845"}],"curies":[{"name":"wp","href":"https:\/\/api.w.org\/{rel}","templated":true}]}}