
{"id":4055,"date":"2021-02-02T17:29:19","date_gmt":"2021-02-02T17:29:19","guid":{"rendered":"https:\/\/somafel.com\/noticias\/vale-sa-engage-somafel-pour-une-nouvelle-intervention-sur-le-chemin-de-fer-de-carajas\/"},"modified":"2021-02-04T17:36:11","modified_gmt":"2021-02-04T17:36:11","slug":"vale-sa-engage-somafel-pour-une-nouvelle-intervention-sur-le-chemin-de-fer-de-carajas","status":"publish","type":"noticias","link":"https:\/\/somafel.com\/fr\/noticias\/vale-sa-engage-somafel-pour-une-nouvelle-intervention-sur-le-chemin-de-fer-de-carajas\/","title":{"rendered":"VALE, SA engage SOMAFEL pour une nouvelle intervention sur le chemin de fer de Caraj\u00e1s"},"content":{"rendered":"\n<!--more-->\n\n<p>SOMAFEL Ltda (Br\u00e9sil) et VALE, SA, ont sign\u00e9, le 21 janvier, le \u00abContrat total pour l&rsquo;ex\u00e9cution des services de superstructure ferroviaire au Km 389 + 930, 396 + 900 et 431 + 012, situ\u00e9 \u00e0 Maranh\u00e3o\u00bb. Ce contrat, qui sera ex\u00e9cut\u00e9 sur \u00ab l&rsquo;Estrada de Ferro de Caraj\u00e1s \u00bb, a un d\u00e9lai d&rsquo;ex\u00e9cution de 210 jours \u00e0 compter de l\u00b4ordre de service sign\u00e9e le 22\/01\/2021. Les travaux consistent en le remplacement de 3 Communications universels (TU\u00b4s), chacun compos\u00e9 de 4 ADV\u00b4s et de leurs lignes interm\u00e9diaires respectives, ainsi que le r\u00e9ajustement des syst\u00e8mes de signalisation.<\/p>\n\n<p>Ce contrat renforce une fois de plus la confiance que VALE accorde \u00e0 SOMAFEL, il s&rsquo;agit de la dixi\u00e8me intervention que nous effectuerons sur le \u00ab l&rsquo;Estrada de Ferro de  Caraj\u00e1s \u00ab , l&rsquo;un des chemins de fer ayant la plus grande capacit\u00e9 de transport au monde, o\u00f9 circulent quotidiennement 22 \u00e0 24 trains miniers de 3,5 km en longueur chacun, en plus des compositions avec d&rsquo;autres transports de marchandises et de passagers.<\/p>\n","protected":false},"featured_media":4052,"template":"","class_list":["post-4055","noticias","type-noticias","status-publish","has-post-thumbnail","hentry"],"acf":[],"yoast_head":"<!-- This site is optimized with the Yoast SEO plugin v26.8 - https:\/\/yoast.com\/product\/yoast-seo-wordpress\/ -->\n<title>VALE, SA engage SOMAFEL pour une nouvelle intervention sur le chemin de fer de Caraj\u00e1s - SOMAFEL<\/title>\n<meta name=\"robots\" content=\"index, follow, max-snippet:-1, max-image-preview:large, max-video-preview:-1\" \/>\n<link rel=\"canonical\" href=\"https:\/\/somafel.com\/fr\/noticias\/vale-sa-engage-somafel-pour-une-nouvelle-intervention-sur-le-chemin-de-fer-de-carajas\/\" \/>\n<meta property=\"og:locale\" content=\"fr_FR\" \/>\n<meta property=\"og:type\" content=\"article\" \/>\n<meta property=\"og:title\" content=\"VALE, SA engage SOMAFEL pour une nouvelle intervention sur le chemin de fer de Caraj\u00e1s - SOMAFEL\" \/>\n<meta property=\"og:url\" content=\"https:\/\/somafel.com\/fr\/noticias\/vale-sa-engage-somafel-pour-une-nouvelle-intervention-sur-le-chemin-de-fer-de-carajas\/\" \/>\n<meta property=\"og:site_name\" content=\"SOMAFEL\" \/>\n<meta property=\"article:modified_time\" content=\"2021-02-04T17:36:11+00:00\" \/>\n<meta property=\"og:image\" content=\"https:\/\/somafel.com\/wp-content\/uploads\/2021\/02\/superestrutura-ferroviaria-somafel-carajas-jan-2021.png\" \/>\n\t<meta property=\"og:image:width\" content=\"1920\" \/>\n\t<meta property=\"og:image:height\" content=\"500\" \/>\n\t<meta property=\"og:image:type\" content=\"image\/png\" \/>\n<meta name=\"twitter:card\" content=\"summary_large_image\" \/>\n<meta name=\"twitter:label1\" content=\"Dur\u00e9e de lecture estim\u00e9e\" \/>\n\t<meta name=\"twitter:data1\" content=\"1 minute\" \/>\n<script type=\"application\/ld+json\" class=\"yoast-schema-graph\">{\"@context\":\"https:\/\/schema.org\",\"@graph\":[{\"@type\":\"WebPage\",\"@id\":\"https:\/\/somafel.com\/fr\/noticias\/vale-sa-engage-somafel-pour-une-nouvelle-intervention-sur-le-chemin-de-fer-de-carajas\/\",\"url\":\"https:\/\/somafel.com\/fr\/noticias\/vale-sa-engage-somafel-pour-une-nouvelle-intervention-sur-le-chemin-de-fer-de-carajas\/\",\"name\":\"VALE, SA engage SOMAFEL pour une nouvelle intervention sur le chemin de fer de Caraj\u00e1s - SOMAFEL\",\"isPartOf\":{\"@id\":\"https:\/\/somafel.com\/fr\/#website\"},\"primaryImageOfPage\":{\"@id\":\"https:\/\/somafel.com\/fr\/noticias\/vale-sa-engage-somafel-pour-une-nouvelle-intervention-sur-le-chemin-de-fer-de-carajas\/#primaryimage\"},\"image\":{\"@id\":\"https:\/\/somafel.com\/fr\/noticias\/vale-sa-engage-somafel-pour-une-nouvelle-intervention-sur-le-chemin-de-fer-de-carajas\/#primaryimage\"},\"thumbnailUrl\":\"https:\/\/somafel.com\/wp-content\/uploads\/2021\/02\/superestrutura-ferroviaria-somafel-carajas-jan-2021.png\",\"datePublished\":\"2021-02-02T17:29:19+00:00\",\"dateModified\":\"2021-02-04T17:36:11+00:00\",\"breadcrumb\":{\"@id\":\"https:\/\/somafel.com\/fr\/noticias\/vale-sa-engage-somafel-pour-une-nouvelle-intervention-sur-le-chemin-de-fer-de-carajas\/#breadcrumb\"},\"inLanguage\":\"fr-FR\",\"potentialAction\":[{\"@type\":\"ReadAction\",\"target\":[\"https:\/\/somafel.com\/fr\/noticias\/vale-sa-engage-somafel-pour-une-nouvelle-intervention-sur-le-chemin-de-fer-de-carajas\/\"]}]},{\"@type\":\"ImageObject\",\"inLanguage\":\"fr-FR\",\"@id\":\"https:\/\/somafel.com\/fr\/noticias\/vale-sa-engage-somafel-pour-une-nouvelle-intervention-sur-le-chemin-de-fer-de-carajas\/#primaryimage\",\"url\":\"https:\/\/somafel.com\/wp-content\/uploads\/2021\/02\/superestrutura-ferroviaria-somafel-carajas-jan-2021.png\",\"contentUrl\":\"https:\/\/somafel.com\/wp-content\/uploads\/2021\/02\/superestrutura-ferroviaria-somafel-carajas-jan-2021.png\",\"width\":1920,\"height\":500},{\"@type\":\"BreadcrumbList\",\"@id\":\"https:\/\/somafel.com\/fr\/noticias\/vale-sa-engage-somafel-pour-une-nouvelle-intervention-sur-le-chemin-de-fer-de-carajas\/#breadcrumb\",\"itemListElement\":[{\"@type\":\"ListItem\",\"position\":1,\"name\":\"In\u00edcio\",\"item\":\"https:\/\/somafel.com\/fr\/\"},{\"@type\":\"ListItem\",\"position\":2,\"name\":\"Not\u00edcias\",\"item\":\"https:\/\/somafel.com\/fr\/noticias\/\"},{\"@type\":\"ListItem\",\"position\":3,\"name\":\"VALE, SA engage SOMAFEL pour une nouvelle intervention sur le chemin de fer de Caraj\u00e1s\"}]},{\"@type\":\"WebSite\",\"@id\":\"https:\/\/somafel.com\/fr\/#website\",\"url\":\"https:\/\/somafel.com\/fr\/\",\"name\":\"SOMAFEL\",\"description\":\"Railway Works Experts\",\"potentialAction\":[{\"@type\":\"SearchAction\",\"target\":{\"@type\":\"EntryPoint\",\"urlTemplate\":\"https:\/\/somafel.com\/fr\/?s={search_term_string}\"},\"query-input\":{\"@type\":\"PropertyValueSpecification\",\"valueRequired\":true,\"valueName\":\"search_term_string\"}}],\"inLanguage\":\"fr-FR\"}]}<\/script>\n<!-- \/ Yoast SEO plugin. -->","yoast_head_json":{"title":"VALE, SA engage SOMAFEL pour une nouvelle intervention sur le chemin de fer de Caraj\u00e1s - SOMAFEL","robots":{"index":"index","follow":"follow","max-snippet":"max-snippet:-1","max-image-preview":"max-image-preview:large","max-video-preview":"max-video-preview:-1"},"canonical":"https:\/\/somafel.com\/fr\/noticias\/vale-sa-engage-somafel-pour-une-nouvelle-intervention-sur-le-chemin-de-fer-de-carajas\/","og_locale":"fr_FR","og_type":"article","og_title":"VALE, SA engage SOMAFEL pour une nouvelle intervention sur le chemin de fer de Caraj\u00e1s - SOMAFEL","og_url":"https:\/\/somafel.com\/fr\/noticias\/vale-sa-engage-somafel-pour-une-nouvelle-intervention-sur-le-chemin-de-fer-de-carajas\/","og_site_name":"SOMAFEL","article_modified_time":"2021-02-04T17:36:11+00:00","og_image":[{"width":1920,"height":500,"url":"https:\/\/somafel.com\/wp-content\/uploads\/2021\/02\/superestrutura-ferroviaria-somafel-carajas-jan-2021.png","type":"image\/png"}],"twitter_card":"summary_large_image","twitter_misc":{"Dur\u00e9e de lecture estim\u00e9e":"1 minute"},"schema":{"@context":"https:\/\/schema.org","@graph":[{"@type":"WebPage","@id":"https:\/\/somafel.com\/fr\/noticias\/vale-sa-engage-somafel-pour-une-nouvelle-intervention-sur-le-chemin-de-fer-de-carajas\/","url":"https:\/\/somafel.com\/fr\/noticias\/vale-sa-engage-somafel-pour-une-nouvelle-intervention-sur-le-chemin-de-fer-de-carajas\/","name":"VALE, SA engage SOMAFEL pour une nouvelle intervention sur le chemin de fer de Caraj\u00e1s - SOMAFEL","isPartOf":{"@id":"https:\/\/somafel.com\/fr\/#website"},"primaryImageOfPage":{"@id":"https:\/\/somafel.com\/fr\/noticias\/vale-sa-engage-somafel-pour-une-nouvelle-intervention-sur-le-chemin-de-fer-de-carajas\/#primaryimage"},"image":{"@id":"https:\/\/somafel.com\/fr\/noticias\/vale-sa-engage-somafel-pour-une-nouvelle-intervention-sur-le-chemin-de-fer-de-carajas\/#primaryimage"},"thumbnailUrl":"https:\/\/somafel.com\/wp-content\/uploads\/2021\/02\/superestrutura-ferroviaria-somafel-carajas-jan-2021.png","datePublished":"2021-02-02T17:29:19+00:00","dateModified":"2021-02-04T17:36:11+00:00","breadcrumb":{"@id":"https:\/\/somafel.com\/fr\/noticias\/vale-sa-engage-somafel-pour-une-nouvelle-intervention-sur-le-chemin-de-fer-de-carajas\/#breadcrumb"},"inLanguage":"fr-FR","potentialAction":[{"@type":"ReadAction","target":["https:\/\/somafel.com\/fr\/noticias\/vale-sa-engage-somafel-pour-une-nouvelle-intervention-sur-le-chemin-de-fer-de-carajas\/"]}]},{"@type":"ImageObject","inLanguage":"fr-FR","@id":"https:\/\/somafel.com\/fr\/noticias\/vale-sa-engage-somafel-pour-une-nouvelle-intervention-sur-le-chemin-de-fer-de-carajas\/#primaryimage","url":"https:\/\/somafel.com\/wp-content\/uploads\/2021\/02\/superestrutura-ferroviaria-somafel-carajas-jan-2021.png","contentUrl":"https:\/\/somafel.com\/wp-content\/uploads\/2021\/02\/superestrutura-ferroviaria-somafel-carajas-jan-2021.png","width":1920,"height":500},{"@type":"BreadcrumbList","@id":"https:\/\/somafel.com\/fr\/noticias\/vale-sa-engage-somafel-pour-une-nouvelle-intervention-sur-le-chemin-de-fer-de-carajas\/#breadcrumb","itemListElement":[{"@type":"ListItem","position":1,"name":"In\u00edcio","item":"https:\/\/somafel.com\/fr\/"},{"@type":"ListItem","position":2,"name":"Not\u00edcias","item":"https:\/\/somafel.com\/fr\/noticias\/"},{"@type":"ListItem","position":3,"name":"VALE, SA engage SOMAFEL pour une nouvelle intervention sur le chemin de fer de Caraj\u00e1s"}]},{"@type":"WebSite","@id":"https:\/\/somafel.com\/fr\/#website","url":"https:\/\/somafel.com\/fr\/","name":"SOMAFEL","description":"Railway Works Experts","potentialAction":[{"@type":"SearchAction","target":{"@type":"EntryPoint","urlTemplate":"https:\/\/somafel.com\/fr\/?s={search_term_string}"},"query-input":{"@type":"PropertyValueSpecification","valueRequired":true,"valueName":"search_term_string"}}],"inLanguage":"fr-FR"}]}},"uagb_featured_image_src":{"full":["https:\/\/somafel.com\/wp-content\/uploads\/2021\/02\/superestrutura-ferroviaria-somafel-carajas-jan-2021.png",1920,500,false],"thumbnail":["https:\/\/somafel.com\/wp-content\/uploads\/2021\/02\/superestrutura-ferroviaria-somafel-carajas-jan-2021-150x150.png",150,150,true],"medium":["https:\/\/somafel.com\/wp-content\/uploads\/2021\/02\/superestrutura-ferroviaria-somafel-carajas-jan-2021-300x78.png",300,78,true],"medium_large":["https:\/\/somafel.com\/wp-content\/uploads\/2021\/02\/superestrutura-ferroviaria-somafel-carajas-jan-2021-768x200.png",768,200,true],"large":["https:\/\/somafel.com\/wp-content\/uploads\/2021\/02\/superestrutura-ferroviaria-somafel-carajas-jan-2021-1024x267.png",1024,267,true],"1536x1536":["https:\/\/somafel.com\/wp-content\/uploads\/2021\/02\/superestrutura-ferroviaria-somafel-carajas-jan-2021.png",1536,400,false],"2048x2048":["https:\/\/somafel.com\/wp-content\/uploads\/2021\/02\/superestrutura-ferroviaria-somafel-carajas-jan-2021.png",1920,500,false],"custom-size":["https:\/\/somafel.com\/wp-content\/uploads\/2021\/02\/superestrutura-ferroviaria-somafel-carajas-jan-2021-390x260.png",390,260,true]},"uagb_author_info":{"display_name":"","author_link":"https:\/\/somafel.com\/fr\/author\/"},"uagb_comment_info":0,"uagb_excerpt":null,"_links":{"self":[{"href":"https:\/\/somafel.com\/fr\/wp-json\/wp\/v2\/noticias\/4055","targetHints":{"allow":["GET"]}}],"collection":[{"href":"https:\/\/somafel.com\/fr\/wp-json\/wp\/v2\/noticias"}],"about":[{"href":"https:\/\/somafel.com\/fr\/wp-json\/wp\/v2\/types\/noticias"}],"wp:featuredmedia":[{"embeddable":true,"href":"https:\/\/somafel.com\/fr\/wp-json\/wp\/v2\/media\/4052"}],"wp:attachment":[{"href":"https:\/\/somafel.com\/fr\/wp-json\/wp\/v2\/media?parent=4055"}],"curies":[{"name":"wp","href":"https:\/\/api.w.org\/{rel}","templated":true}]}}