
{"id":4449,"date":"2022-12-16T10:16:20","date_gmt":"2022-12-16T10:16:20","guid":{"rendered":"https:\/\/somafel.com\/?post_type=noticias&#038;p=4449"},"modified":"2022-12-16T10:16:21","modified_gmt":"2022-12-16T10:16:21","slug":"bresil-signature-de-deux-nouveaux-contrats","status":"publish","type":"noticias","link":"https:\/\/somafel.com\/fr\/noticias\/bresil-signature-de-deux-nouveaux-contrats\/","title":{"rendered":"Br\u00e9sil \u2013 Signature de deux nouveaux contrats"},"content":{"rendered":"\n<!--more-->\n\n\n\n<p><!--<p><style>#headerInternal{background-position:top center!important;}<\/style><\/p>--><\/p>\n\n\n\n<p>En ao\u00fbt 2022, SOMAFEL a sign\u00e9 deux contrats au Br\u00e9sil avec des soci\u00e9t\u00e9s contr\u00f4l\u00e9es par CSN \u2013 Companhia Sider\u00fargica Nacional.<\/p>\n\n\n\n<figure class=\"wp-block-gallery has-nested-images columns-2 is-cropped uag-masonry uagb-block-f61b1153 wp-block-gallery-1 is-layout-flex wp-block-gallery-is-layout-flex\">\n<figure class=\"wp-block-image size-large\"><img loading=\"lazy\" decoding=\"async\" width=\"1024\" height=\"768\" data-id=\"4451\" src=\"https:\/\/somafel.com\/wp-content\/uploads\/2022\/12\/FTL01-1024x768.jpeg\" alt=\"\" class=\"wp-image-4451\" srcset=\"https:\/\/somafel.com\/wp-content\/uploads\/2022\/12\/FTL01-1024x768.jpeg 1024w, https:\/\/somafel.com\/wp-content\/uploads\/2022\/12\/FTL01-300x225.jpeg 300w, https:\/\/somafel.com\/wp-content\/uploads\/2022\/12\/FTL01-768x576.jpeg 768w, https:\/\/somafel.com\/wp-content\/uploads\/2022\/12\/FTL01.jpeg 1280w\" sizes=\"auto, (max-width: 1024px) 100vw, 1024px\" \/><\/figure>\n\n\n\n<figure class=\"wp-block-image size-large\"><img loading=\"lazy\" decoding=\"async\" width=\"1024\" height=\"768\" data-id=\"4455\" src=\"https:\/\/somafel.com\/wp-content\/uploads\/2022\/12\/FTL02-1024x768.jpg\" alt=\"\" class=\"wp-image-4455\" srcset=\"https:\/\/somafel.com\/wp-content\/uploads\/2022\/12\/FTL02-1024x768.jpg 1024w, https:\/\/somafel.com\/wp-content\/uploads\/2022\/12\/FTL02-300x225.jpg 300w, https:\/\/somafel.com\/wp-content\/uploads\/2022\/12\/FTL02-768x576.jpg 768w, https:\/\/somafel.com\/wp-content\/uploads\/2022\/12\/FTL02.jpg 1280w\" sizes=\"auto, (max-width: 1024px) 100vw, 1024px\" \/><\/figure>\n<\/figure>\n\n\n\n<p>Pour FTL \u2013 Ferrovia Transnordestina Log\u00edstica S.A., r\u00e9novation de voie, remplacement des traverses en bois par  traverses en b\u00e9ton arm\u00e9e et r\u00e9novation de la zone de garage des trains, y compris le remplacement des rails profil\u00e9s TR32\/37 par TR68.<\/p>\n\n\n\n<p>FTL est une entreprise priv\u00e9e qui transporte des marchandises ferroviaires depuis 1998 et d\u00e9tient la concession du r\u00e9seau nord-est de l\u2019ancien r\u00e9seau ferroviaire f\u00e9d\u00e9ral S.A. Actuellement, la ligne de chemin de fer en exploitation, avec 1 237 km \u00e0 \u00e9cartement m\u00e9trique, relie les ports d\u2019Itaqui (S\u00e3o Luis \/ MA), Pec\u00e9m (S\u00e3o Gon\u00e7alo do Amarante \/ CE) et Mucuripe (Fortaleza \/ CE), favorisant l\u2019int\u00e9gration et stimulant l\u2019\u00e9conomie r\u00e9gionale. En 2021, l\u2019entreprise a transport\u00e9 2,9 millions de tonnes de cargaisons diverses, telles que les Produits de cellulose, les carburants et le ciment, entre autres.<\/p>\n\n\n\n<figure class=\"wp-block-gallery has-nested-images columns-2 is-cropped uag-masonry uagb-block-f61b1153 wp-block-gallery-2 is-layout-flex wp-block-gallery-is-layout-flex\">\n<figure class=\"wp-block-image size-large\"><img loading=\"lazy\" decoding=\"async\" width=\"1024\" height=\"1024\" data-id=\"4459\" src=\"https:\/\/somafel.com\/wp-content\/uploads\/2022\/12\/TLSA01-1024x1024.jpg\" alt=\"\" class=\"wp-image-4459\" srcset=\"https:\/\/somafel.com\/wp-content\/uploads\/2022\/12\/TLSA01-1024x1024.jpg 1024w, https:\/\/somafel.com\/wp-content\/uploads\/2022\/12\/TLSA01-300x300.jpg 300w, https:\/\/somafel.com\/wp-content\/uploads\/2022\/12\/TLSA01-150x150.jpg 150w, https:\/\/somafel.com\/wp-content\/uploads\/2022\/12\/TLSA01-768x768.jpg 768w, https:\/\/somafel.com\/wp-content\/uploads\/2022\/12\/TLSA01.jpg 1512w\" sizes=\"auto, (max-width: 1024px) 100vw, 1024px\" \/><\/figure>\n\n\n\n<figure class=\"wp-block-image size-full\"><img loading=\"lazy\" decoding=\"async\" width=\"1024\" height=\"768\" data-id=\"4463\" src=\"https:\/\/somafel.com\/wp-content\/uploads\/2022\/12\/TLSA02.jpg\" alt=\"\" class=\"wp-image-4463\" srcset=\"https:\/\/somafel.com\/wp-content\/uploads\/2022\/12\/TLSA02.jpg 1024w, https:\/\/somafel.com\/wp-content\/uploads\/2022\/12\/TLSA02-300x225.jpg 300w, https:\/\/somafel.com\/wp-content\/uploads\/2022\/12\/TLSA02-768x576.jpg 768w\" sizes=\"auto, (max-width: 1024px) 100vw, 1024px\" \/><\/figure>\n\n\n\n<figure class=\"wp-block-image size-large\"><img loading=\"lazy\" decoding=\"async\" width=\"1024\" height=\"768\" data-id=\"4467\" src=\"https:\/\/somafel.com\/wp-content\/uploads\/2022\/12\/TLSA03-1024x768.jpg\" alt=\"\" class=\"wp-image-4467\" srcset=\"https:\/\/somafel.com\/wp-content\/uploads\/2022\/12\/TLSA03-1024x768.jpg 1024w, https:\/\/somafel.com\/wp-content\/uploads\/2022\/12\/TLSA03-300x225.jpg 300w, https:\/\/somafel.com\/wp-content\/uploads\/2022\/12\/TLSA03-768x576.jpg 768w, https:\/\/somafel.com\/wp-content\/uploads\/2022\/12\/TLSA03-1536x1152.jpg 1536w, https:\/\/somafel.com\/wp-content\/uploads\/2022\/12\/TLSA03.jpg 1600w\" sizes=\"auto, (max-width: 1024px) 100vw, 1024px\" \/><\/figure>\n<\/figure>\n\n\n\n<p>Pour Transnordestina Log\u00edstica (TLSA) et en consortium, construction de 50,2 km de superstructure routi\u00e8re, \u00e0 \u00e9cartement 1600mm et 1000mm, sans application du 3\u00e8me rail, dans le lot MVP01 du chemin de fer Transnordestina, tron\u00e7on Mission Velha &#8211; Pec\u00e9m, \u00e0 Cear\u00e1.<\/p>\n\n\n\n<p>Ce chemin de fer est le plus grand ouvrage lin\u00e9aire en cours d\u2019ex\u00e9cution au Br\u00e9sil. Avec 1 753 km d\u2019extension en ligne principale, le chemin de fer de classe mondiale traverse l\u2019\u00c9tat du Piau\u00ed, vers les ports de Pec\u00e9m, dans le Cear\u00e1, et de Suape, \u00e0 Pernambuco et aura la capacit\u00e9 de transporter 30 millions de tonnes par an, en mettant l\u2019accent sur le vrac solide (Min\u00e9ral et c\u00e9r\u00e9ales). Transnordestina est une partenaire fondamental pour la dynamisation de l\u2019\u00e9conomie du Nord-Est et rapproche le Br\u00e9sil des principaux march\u00e9s mondiaux.<\/p>\n","protected":false},"featured_media":4469,"template":"","class_list":["post-4449","noticias","type-noticias","status-publish","has-post-thumbnail","hentry"],"acf":[],"yoast_head":"<!-- This site is optimized with the Yoast SEO plugin v26.8 - https:\/\/yoast.com\/product\/yoast-seo-wordpress\/ -->\n<title>Br\u00e9sil \u2013 Signature de deux nouveaux contrats - SOMAFEL<\/title>\n<meta name=\"robots\" content=\"index, follow, max-snippet:-1, max-image-preview:large, max-video-preview:-1\" \/>\n<link rel=\"canonical\" href=\"https:\/\/somafel.com\/fr\/noticias\/bresil-signature-de-deux-nouveaux-contrats\/\" \/>\n<meta property=\"og:locale\" content=\"fr_FR\" \/>\n<meta property=\"og:type\" content=\"article\" \/>\n<meta property=\"og:title\" content=\"Br\u00e9sil \u2013 Signature de deux nouveaux contrats - SOMAFEL\" \/>\n<meta property=\"og:url\" content=\"https:\/\/somafel.com\/fr\/noticias\/bresil-signature-de-deux-nouveaux-contrats\/\" \/>\n<meta property=\"og:site_name\" content=\"SOMAFEL\" \/>\n<meta property=\"article:modified_time\" content=\"2022-12-16T10:16:21+00:00\" \/>\n<meta property=\"og:image\" content=\"https:\/\/somafel.com\/wp-content\/uploads\/2022\/12\/TLSA03.jpg\" \/>\n\t<meta property=\"og:image:width\" content=\"1600\" \/>\n\t<meta property=\"og:image:height\" content=\"1200\" \/>\n\t<meta property=\"og:image:type\" content=\"image\/jpeg\" \/>\n<meta name=\"twitter:card\" content=\"summary_large_image\" \/>\n<meta name=\"twitter:label1\" content=\"Dur\u00e9e de lecture estim\u00e9e\" \/>\n\t<meta name=\"twitter:data1\" content=\"3 minutes\" \/>\n<script type=\"application\/ld+json\" class=\"yoast-schema-graph\">{\"@context\":\"https:\/\/schema.org\",\"@graph\":[{\"@type\":\"WebPage\",\"@id\":\"https:\/\/somafel.com\/fr\/noticias\/bresil-signature-de-deux-nouveaux-contrats\/\",\"url\":\"https:\/\/somafel.com\/fr\/noticias\/bresil-signature-de-deux-nouveaux-contrats\/\",\"name\":\"Br\u00e9sil \u2013 Signature de deux nouveaux contrats - SOMAFEL\",\"isPartOf\":{\"@id\":\"https:\/\/somafel.com\/fr\/#website\"},\"primaryImageOfPage\":{\"@id\":\"https:\/\/somafel.com\/fr\/noticias\/bresil-signature-de-deux-nouveaux-contrats\/#primaryimage\"},\"image\":{\"@id\":\"https:\/\/somafel.com\/fr\/noticias\/bresil-signature-de-deux-nouveaux-contrats\/#primaryimage\"},\"thumbnailUrl\":\"https:\/\/somafel.com\/wp-content\/uploads\/2022\/12\/TLSA03.jpg\",\"datePublished\":\"2022-12-16T10:16:20+00:00\",\"dateModified\":\"2022-12-16T10:16:21+00:00\",\"breadcrumb\":{\"@id\":\"https:\/\/somafel.com\/fr\/noticias\/bresil-signature-de-deux-nouveaux-contrats\/#breadcrumb\"},\"inLanguage\":\"fr-FR\",\"potentialAction\":[{\"@type\":\"ReadAction\",\"target\":[\"https:\/\/somafel.com\/fr\/noticias\/bresil-signature-de-deux-nouveaux-contrats\/\"]}]},{\"@type\":\"ImageObject\",\"inLanguage\":\"fr-FR\",\"@id\":\"https:\/\/somafel.com\/fr\/noticias\/bresil-signature-de-deux-nouveaux-contrats\/#primaryimage\",\"url\":\"https:\/\/somafel.com\/wp-content\/uploads\/2022\/12\/TLSA03.jpg\",\"contentUrl\":\"https:\/\/somafel.com\/wp-content\/uploads\/2022\/12\/TLSA03.jpg\",\"width\":1600,\"height\":1200},{\"@type\":\"BreadcrumbList\",\"@id\":\"https:\/\/somafel.com\/fr\/noticias\/bresil-signature-de-deux-nouveaux-contrats\/#breadcrumb\",\"itemListElement\":[{\"@type\":\"ListItem\",\"position\":1,\"name\":\"In\u00edcio\",\"item\":\"https:\/\/somafel.com\/fr\/\"},{\"@type\":\"ListItem\",\"position\":2,\"name\":\"Not\u00edcias\",\"item\":\"https:\/\/somafel.com\/fr\/noticias\/\"},{\"@type\":\"ListItem\",\"position\":3,\"name\":\"Br\u00e9sil \u2013 Signature de deux nouveaux contrats\"}]},{\"@type\":\"WebSite\",\"@id\":\"https:\/\/somafel.com\/fr\/#website\",\"url\":\"https:\/\/somafel.com\/fr\/\",\"name\":\"SOMAFEL\",\"description\":\"Railway Works Experts\",\"potentialAction\":[{\"@type\":\"SearchAction\",\"target\":{\"@type\":\"EntryPoint\",\"urlTemplate\":\"https:\/\/somafel.com\/fr\/?s={search_term_string}\"},\"query-input\":{\"@type\":\"PropertyValueSpecification\",\"valueRequired\":true,\"valueName\":\"search_term_string\"}}],\"inLanguage\":\"fr-FR\"}]}<\/script>\n<!-- \/ Yoast SEO plugin. -->","yoast_head_json":{"title":"Br\u00e9sil \u2013 Signature de deux nouveaux contrats - SOMAFEL","robots":{"index":"index","follow":"follow","max-snippet":"max-snippet:-1","max-image-preview":"max-image-preview:large","max-video-preview":"max-video-preview:-1"},"canonical":"https:\/\/somafel.com\/fr\/noticias\/bresil-signature-de-deux-nouveaux-contrats\/","og_locale":"fr_FR","og_type":"article","og_title":"Br\u00e9sil \u2013 Signature de deux nouveaux contrats - SOMAFEL","og_url":"https:\/\/somafel.com\/fr\/noticias\/bresil-signature-de-deux-nouveaux-contrats\/","og_site_name":"SOMAFEL","article_modified_time":"2022-12-16T10:16:21+00:00","og_image":[{"width":1600,"height":1200,"url":"https:\/\/somafel.com\/wp-content\/uploads\/2022\/12\/TLSA03.jpg","type":"image\/jpeg"}],"twitter_card":"summary_large_image","twitter_misc":{"Dur\u00e9e de lecture estim\u00e9e":"3 minutes"},"schema":{"@context":"https:\/\/schema.org","@graph":[{"@type":"WebPage","@id":"https:\/\/somafel.com\/fr\/noticias\/bresil-signature-de-deux-nouveaux-contrats\/","url":"https:\/\/somafel.com\/fr\/noticias\/bresil-signature-de-deux-nouveaux-contrats\/","name":"Br\u00e9sil \u2013 Signature de deux nouveaux contrats - SOMAFEL","isPartOf":{"@id":"https:\/\/somafel.com\/fr\/#website"},"primaryImageOfPage":{"@id":"https:\/\/somafel.com\/fr\/noticias\/bresil-signature-de-deux-nouveaux-contrats\/#primaryimage"},"image":{"@id":"https:\/\/somafel.com\/fr\/noticias\/bresil-signature-de-deux-nouveaux-contrats\/#primaryimage"},"thumbnailUrl":"https:\/\/somafel.com\/wp-content\/uploads\/2022\/12\/TLSA03.jpg","datePublished":"2022-12-16T10:16:20+00:00","dateModified":"2022-12-16T10:16:21+00:00","breadcrumb":{"@id":"https:\/\/somafel.com\/fr\/noticias\/bresil-signature-de-deux-nouveaux-contrats\/#breadcrumb"},"inLanguage":"fr-FR","potentialAction":[{"@type":"ReadAction","target":["https:\/\/somafel.com\/fr\/noticias\/bresil-signature-de-deux-nouveaux-contrats\/"]}]},{"@type":"ImageObject","inLanguage":"fr-FR","@id":"https:\/\/somafel.com\/fr\/noticias\/bresil-signature-de-deux-nouveaux-contrats\/#primaryimage","url":"https:\/\/somafel.com\/wp-content\/uploads\/2022\/12\/TLSA03.jpg","contentUrl":"https:\/\/somafel.com\/wp-content\/uploads\/2022\/12\/TLSA03.jpg","width":1600,"height":1200},{"@type":"BreadcrumbList","@id":"https:\/\/somafel.com\/fr\/noticias\/bresil-signature-de-deux-nouveaux-contrats\/#breadcrumb","itemListElement":[{"@type":"ListItem","position":1,"name":"In\u00edcio","item":"https:\/\/somafel.com\/fr\/"},{"@type":"ListItem","position":2,"name":"Not\u00edcias","item":"https:\/\/somafel.com\/fr\/noticias\/"},{"@type":"ListItem","position":3,"name":"Br\u00e9sil \u2013 Signature de deux nouveaux contrats"}]},{"@type":"WebSite","@id":"https:\/\/somafel.com\/fr\/#website","url":"https:\/\/somafel.com\/fr\/","name":"SOMAFEL","description":"Railway Works Experts","potentialAction":[{"@type":"SearchAction","target":{"@type":"EntryPoint","urlTemplate":"https:\/\/somafel.com\/fr\/?s={search_term_string}"},"query-input":{"@type":"PropertyValueSpecification","valueRequired":true,"valueName":"search_term_string"}}],"inLanguage":"fr-FR"}]}},"uagb_featured_image_src":{"full":["https:\/\/somafel.com\/wp-content\/uploads\/2022\/12\/TLSA03.jpg",1600,1200,false],"thumbnail":["https:\/\/somafel.com\/wp-content\/uploads\/2022\/12\/TLSA03-150x150.jpg",150,150,true],"medium":["https:\/\/somafel.com\/wp-content\/uploads\/2022\/12\/TLSA03-300x225.jpg",300,225,true],"medium_large":["https:\/\/somafel.com\/wp-content\/uploads\/2022\/12\/TLSA03-768x576.jpg",768,576,true],"large":["https:\/\/somafel.com\/wp-content\/uploads\/2022\/12\/TLSA03-1024x768.jpg",1024,768,true],"1536x1536":["https:\/\/somafel.com\/wp-content\/uploads\/2022\/12\/TLSA03-1536x1152.jpg",1536,1152,true],"2048x2048":["https:\/\/somafel.com\/wp-content\/uploads\/2022\/12\/TLSA03.jpg",1600,1200,false],"custom-size":["https:\/\/somafel.com\/wp-content\/uploads\/2022\/12\/TLSA03-390x260.jpg",390,260,true]},"uagb_author_info":{"display_name":"Marketing Teixeira Duarte","author_link":"https:\/\/somafel.com\/fr\/author\/"},"uagb_comment_info":0,"uagb_excerpt":null,"_links":{"self":[{"href":"https:\/\/somafel.com\/fr\/wp-json\/wp\/v2\/noticias\/4449","targetHints":{"allow":["GET"]}}],"collection":[{"href":"https:\/\/somafel.com\/fr\/wp-json\/wp\/v2\/noticias"}],"about":[{"href":"https:\/\/somafel.com\/fr\/wp-json\/wp\/v2\/types\/noticias"}],"wp:featuredmedia":[{"embeddable":true,"href":"https:\/\/somafel.com\/fr\/wp-json\/wp\/v2\/media\/4469"}],"wp:attachment":[{"href":"https:\/\/somafel.com\/fr\/wp-json\/wp\/v2\/media?parent=4449"}],"curies":[{"name":"wp","href":"https:\/\/api.w.org\/{rel}","templated":true}]}}