
{"id":3526,"date":"2019-06-11T16:14:41","date_gmt":"2019-06-11T16:14:41","guid":{"rendered":"https:\/\/somafel.com\/noticias\/somafel-inicia-atividade-no-gabao\/"},"modified":"2019-06-11T16:14:41","modified_gmt":"2019-06-11T16:14:41","slug":"somafel-inicia-atividade-no-gabao","status":"publish","type":"noticias","link":"https:\/\/somafel.com\/pt-br\/noticias\/somafel-inicia-atividade-no-gabao\/","title":{"rendered":"SOMAFEL inicia atividade no Gab\u00e3o"},"content":{"rendered":"\n<p>\r\nA SOMAFEL assinou um contrato para a realiza\u00e7\u00e3o de trabalhos de ataque mec\u00e2nico pesado no caminho de ferro Transgabonais no Gab\u00e3o. \r\n\r\n<\/p>\n\n<!--more-->\n\n<p> <\/p>\n\n<p>O contrato foi assinado entre a A\r\nSOMAFEL \u2013 Engenharia e Obras Ferrovi\u00e1rias, S.A. (SOMAFEL) e a empresa SETRAG \u2013\r\nSociete d\u2019Exploitation du Transgabonais, pertencente ao grupo franc\u00eas ERAMET,\r\npara execu\u00e7\u00e3o de trabalhos de regulariza\u00e7\u00e3o de balastro e ataque mec\u00e2nico\r\npesado do caminho-de-ferro Transgabonais, uma linha de 670 km que liga a\r\ncapital Libreville \u00e0 cidade do interior Franceville.<\/p>\n\n<p>Trata-se de um contrato com a\r\ndura\u00e7\u00e3o de 3 anos, financiado pelo SFI \u2013 Soci\u00e9t\u00e9 Financi\u00e8re Internationale,\r\nmembro do Groupe de la Banque Mondiale, pela PROPARCO \u2013 filial da Agence\r\nFran\u00e7aise de D\u00e9veloppement (AFD) e pela pr\u00f3pria SETRAG.<\/p>\n\n<p>Este contrato insere-se na estrat\u00e9gia\r\nde desenvolvimento do grupo mineiro e metal\u00fargico franc\u00eas ERAMET que ambiciona\r\ndesenvolver a mina de mangan\u00eas e ouro de Moanda, no Gab\u00e3o, uma das duas maiores\r\nminas do mundo, com reservas de longa dura\u00e7\u00e3o.<\/p>\n\n<p>Encontram-se em desenvolvimento\r\nno estaleiro central da SOMAFEL em Portugal todos os trabalhos de prepara\u00e7\u00e3o,\r\nonde se inclui, entre outros, os servi\u00e7os necess\u00e1rios para altera\u00e7\u00e3o da bitola\r\nib\u00e9rica (1.668mm) para bitola internacional (1.435mm) dos equipamentos a\r\nmobilizar.<\/p>\n\n<p>Ainda no m\u00eas de maio, ser\u00e3o\r\ntransportados para o Gab\u00e3o os equipamentos necess\u00e1rios, perspetivando-se para o\r\nm\u00eas de junho a mobiliza\u00e7\u00e3o das respetivas tripula\u00e7\u00f5es e in\u00edcio dos servi\u00e7os no\r\nprinc\u00edpio do m\u00eas de julho de 2019.<\/p>\n\n<p>O Gab\u00e3o torna-se desta forma o 8\u00ba\r\nmercado onde a SOMAFEL est\u00e1 presente, juntando-se a Portugal, Arg\u00e9lia, Brasil,\r\nFran\u00e7a, Marrocos, Mo\u00e7ambique e Reino Unido.<\/p>\n","protected":false},"featured_media":3523,"template":"","class_list":["post-3526","noticias","type-noticias","status-publish","has-post-thumbnail","hentry"],"acf":[],"yoast_head":"<!-- This site is optimized with the Yoast SEO plugin v26.8 - https:\/\/yoast.com\/product\/yoast-seo-wordpress\/ -->\n<title>SOMAFEL inicia atividade no Gab\u00e3o - SOMAFEL<\/title>\n<meta name=\"robots\" content=\"index, follow, max-snippet:-1, max-image-preview:large, max-video-preview:-1\" \/>\n<link rel=\"canonical\" href=\"https:\/\/somafel.com\/pt-br\/noticias\/somafel-inicia-atividade-no-gabao\/\" \/>\n<meta property=\"og:locale\" content=\"pt_BR\" \/>\n<meta property=\"og:type\" content=\"article\" \/>\n<meta property=\"og:title\" content=\"SOMAFEL inicia atividade no Gab\u00e3o - SOMAFEL\" \/>\n<meta property=\"og:description\" content=\"A SOMAFEL assinou um contrato para a realiza\u00e7\u00e3o de trabalhos de ataque mec\u00e2nico pesado no caminho de ferro Transgabonais no Gab\u00e3o.\" \/>\n<meta property=\"og:url\" content=\"https:\/\/somafel.com\/pt-br\/noticias\/somafel-inicia-atividade-no-gabao\/\" \/>\n<meta property=\"og:site_name\" content=\"SOMAFEL\" \/>\n<meta property=\"og:image\" content=\"https:\/\/somafel.com\/wp-content\/uploads\/2019\/06\/Noticia-1.jpg\" \/>\n\t<meta property=\"og:image:width\" content=\"960\" \/>\n\t<meta property=\"og:image:height\" content=\"540\" \/>\n\t<meta property=\"og:image:type\" content=\"image\/jpeg\" \/>\n<meta name=\"twitter:card\" content=\"summary_large_image\" \/>\n<meta name=\"twitter:label1\" content=\"Est. tempo de leitura\" \/>\n\t<meta name=\"twitter:data1\" content=\"1 minuto\" \/>\n<script type=\"application\/ld+json\" class=\"yoast-schema-graph\">{\"@context\":\"https:\/\/schema.org\",\"@graph\":[{\"@type\":\"WebPage\",\"@id\":\"https:\/\/somafel.com\/pt-br\/noticias\/somafel-inicia-atividade-no-gabao\/\",\"url\":\"https:\/\/somafel.com\/pt-br\/noticias\/somafel-inicia-atividade-no-gabao\/\",\"name\":\"SOMAFEL inicia atividade no Gab\u00e3o - SOMAFEL\",\"isPartOf\":{\"@id\":\"https:\/\/somafel.com\/pt-br\/#website\"},\"primaryImageOfPage\":{\"@id\":\"https:\/\/somafel.com\/pt-br\/noticias\/somafel-inicia-atividade-no-gabao\/#primaryimage\"},\"image\":{\"@id\":\"https:\/\/somafel.com\/pt-br\/noticias\/somafel-inicia-atividade-no-gabao\/#primaryimage\"},\"thumbnailUrl\":\"https:\/\/somafel.com\/wp-content\/uploads\/2019\/06\/Noticia-1.jpg\",\"datePublished\":\"2019-06-11T16:14:41+00:00\",\"breadcrumb\":{\"@id\":\"https:\/\/somafel.com\/pt-br\/noticias\/somafel-inicia-atividade-no-gabao\/#breadcrumb\"},\"inLanguage\":\"pt-BR\",\"potentialAction\":[{\"@type\":\"ReadAction\",\"target\":[\"https:\/\/somafel.com\/pt-br\/noticias\/somafel-inicia-atividade-no-gabao\/\"]}]},{\"@type\":\"ImageObject\",\"inLanguage\":\"pt-BR\",\"@id\":\"https:\/\/somafel.com\/pt-br\/noticias\/somafel-inicia-atividade-no-gabao\/#primaryimage\",\"url\":\"https:\/\/somafel.com\/wp-content\/uploads\/2019\/06\/Noticia-1.jpg\",\"contentUrl\":\"https:\/\/somafel.com\/wp-content\/uploads\/2019\/06\/Noticia-1.jpg\",\"width\":960,\"height\":540,\"caption\":\"SOMAFEL inicia atividade no Gab\u00e3o\"},{\"@type\":\"BreadcrumbList\",\"@id\":\"https:\/\/somafel.com\/pt-br\/noticias\/somafel-inicia-atividade-no-gabao\/#breadcrumb\",\"itemListElement\":[{\"@type\":\"ListItem\",\"position\":1,\"name\":\"In\u00edcio\",\"item\":\"https:\/\/somafel.com\/pt-br\/\"},{\"@type\":\"ListItem\",\"position\":2,\"name\":\"Not\u00edcias\",\"item\":\"https:\/\/somafel.com\/pt-br\/noticias\/\"},{\"@type\":\"ListItem\",\"position\":3,\"name\":\"SOMAFEL inicia atividade no Gab\u00e3o\"}]},{\"@type\":\"WebSite\",\"@id\":\"https:\/\/somafel.com\/pt-br\/#website\",\"url\":\"https:\/\/somafel.com\/pt-br\/\",\"name\":\"SOMAFEL\",\"description\":\"Railway Works Experts\",\"potentialAction\":[{\"@type\":\"SearchAction\",\"target\":{\"@type\":\"EntryPoint\",\"urlTemplate\":\"https:\/\/somafel.com\/pt-br\/?s={search_term_string}\"},\"query-input\":{\"@type\":\"PropertyValueSpecification\",\"valueRequired\":true,\"valueName\":\"search_term_string\"}}],\"inLanguage\":\"pt-BR\"}]}<\/script>\n<!-- \/ Yoast SEO plugin. -->","yoast_head_json":{"title":"SOMAFEL inicia atividade no Gab\u00e3o - SOMAFEL","robots":{"index":"index","follow":"follow","max-snippet":"max-snippet:-1","max-image-preview":"max-image-preview:large","max-video-preview":"max-video-preview:-1"},"canonical":"https:\/\/somafel.com\/pt-br\/noticias\/somafel-inicia-atividade-no-gabao\/","og_locale":"pt_BR","og_type":"article","og_title":"SOMAFEL inicia atividade no Gab\u00e3o - SOMAFEL","og_description":"A SOMAFEL assinou um contrato para a realiza\u00e7\u00e3o de trabalhos de ataque mec\u00e2nico pesado no caminho de ferro Transgabonais no Gab\u00e3o.","og_url":"https:\/\/somafel.com\/pt-br\/noticias\/somafel-inicia-atividade-no-gabao\/","og_site_name":"SOMAFEL","og_image":[{"width":960,"height":540,"url":"https:\/\/somafel.com\/wp-content\/uploads\/2019\/06\/Noticia-1.jpg","type":"image\/jpeg"}],"twitter_card":"summary_large_image","twitter_misc":{"Est. tempo de leitura":"1 minuto"},"schema":{"@context":"https:\/\/schema.org","@graph":[{"@type":"WebPage","@id":"https:\/\/somafel.com\/pt-br\/noticias\/somafel-inicia-atividade-no-gabao\/","url":"https:\/\/somafel.com\/pt-br\/noticias\/somafel-inicia-atividade-no-gabao\/","name":"SOMAFEL inicia atividade no Gab\u00e3o - SOMAFEL","isPartOf":{"@id":"https:\/\/somafel.com\/pt-br\/#website"},"primaryImageOfPage":{"@id":"https:\/\/somafel.com\/pt-br\/noticias\/somafel-inicia-atividade-no-gabao\/#primaryimage"},"image":{"@id":"https:\/\/somafel.com\/pt-br\/noticias\/somafel-inicia-atividade-no-gabao\/#primaryimage"},"thumbnailUrl":"https:\/\/somafel.com\/wp-content\/uploads\/2019\/06\/Noticia-1.jpg","datePublished":"2019-06-11T16:14:41+00:00","breadcrumb":{"@id":"https:\/\/somafel.com\/pt-br\/noticias\/somafel-inicia-atividade-no-gabao\/#breadcrumb"},"inLanguage":"pt-BR","potentialAction":[{"@type":"ReadAction","target":["https:\/\/somafel.com\/pt-br\/noticias\/somafel-inicia-atividade-no-gabao\/"]}]},{"@type":"ImageObject","inLanguage":"pt-BR","@id":"https:\/\/somafel.com\/pt-br\/noticias\/somafel-inicia-atividade-no-gabao\/#primaryimage","url":"https:\/\/somafel.com\/wp-content\/uploads\/2019\/06\/Noticia-1.jpg","contentUrl":"https:\/\/somafel.com\/wp-content\/uploads\/2019\/06\/Noticia-1.jpg","width":960,"height":540,"caption":"SOMAFEL inicia atividade no Gab\u00e3o"},{"@type":"BreadcrumbList","@id":"https:\/\/somafel.com\/pt-br\/noticias\/somafel-inicia-atividade-no-gabao\/#breadcrumb","itemListElement":[{"@type":"ListItem","position":1,"name":"In\u00edcio","item":"https:\/\/somafel.com\/pt-br\/"},{"@type":"ListItem","position":2,"name":"Not\u00edcias","item":"https:\/\/somafel.com\/pt-br\/noticias\/"},{"@type":"ListItem","position":3,"name":"SOMAFEL inicia atividade no Gab\u00e3o"}]},{"@type":"WebSite","@id":"https:\/\/somafel.com\/pt-br\/#website","url":"https:\/\/somafel.com\/pt-br\/","name":"SOMAFEL","description":"Railway Works Experts","potentialAction":[{"@type":"SearchAction","target":{"@type":"EntryPoint","urlTemplate":"https:\/\/somafel.com\/pt-br\/?s={search_term_string}"},"query-input":{"@type":"PropertyValueSpecification","valueRequired":true,"valueName":"search_term_string"}}],"inLanguage":"pt-BR"}]}},"uagb_featured_image_src":{"full":["https:\/\/somafel.com\/wp-content\/uploads\/2019\/06\/Noticia-1.jpg",960,540,false],"thumbnail":["https:\/\/somafel.com\/wp-content\/uploads\/2019\/06\/Noticia-1-150x150.jpg",150,150,true],"medium":["https:\/\/somafel.com\/wp-content\/uploads\/2019\/06\/Noticia-1-300x169.jpg",300,169,true],"medium_large":["https:\/\/somafel.com\/wp-content\/uploads\/2019\/06\/Noticia-1-768x432.jpg",768,432,true],"large":["https:\/\/somafel.com\/wp-content\/uploads\/2019\/06\/Noticia-1.jpg",960,540,false],"1536x1536":["https:\/\/somafel.com\/wp-content\/uploads\/2019\/06\/Noticia-1.jpg",960,540,false],"2048x2048":["https:\/\/somafel.com\/wp-content\/uploads\/2019\/06\/Noticia-1.jpg",960,540,false],"custom-size":["https:\/\/somafel.com\/wp-content\/uploads\/2019\/06\/Noticia-1-390x260.jpg",390,260,true]},"uagb_author_info":{"display_name":"","author_link":"https:\/\/somafel.com\/pt-br\/author\/"},"uagb_comment_info":0,"uagb_excerpt":"A SOMAFEL assinou um contrato para a realiza\u00e7\u00e3o de trabalhos de ataque mec\u00e2nico pesado no caminho de ferro Transgabonais no Gab\u00e3o.","_links":{"self":[{"href":"https:\/\/somafel.com\/pt-br\/wp-json\/wp\/v2\/noticias\/3526","targetHints":{"allow":["GET"]}}],"collection":[{"href":"https:\/\/somafel.com\/pt-br\/wp-json\/wp\/v2\/noticias"}],"about":[{"href":"https:\/\/somafel.com\/pt-br\/wp-json\/wp\/v2\/types\/noticias"}],"wp:featuredmedia":[{"embeddable":true,"href":"https:\/\/somafel.com\/pt-br\/wp-json\/wp\/v2\/media\/3523"}],"wp:attachment":[{"href":"https:\/\/somafel.com\/pt-br\/wp-json\/wp\/v2\/media?parent=3526"}],"curies":[{"name":"wp","href":"https:\/\/api.w.org\/{rel}","templated":true}]}}