
{"id":3558,"date":"2019-06-11T16:47:39","date_gmt":"2019-06-11T16:47:39","guid":{"rendered":"https:\/\/somafel.com\/noticias\/gabao-chegada-dos-equipamentos-ao-porto-de-owendo\/"},"modified":"2019-06-11T16:47:39","modified_gmt":"2019-06-11T16:47:39","slug":"gabao-chegada-dos-equipamentos-ao-porto-de-owendo","status":"publish","type":"noticias","link":"https:\/\/somafel.com\/pt-br\/noticias\/gabao-chegada-dos-equipamentos-ao-porto-de-owendo\/","title":{"rendered":"Gab\u00e3o \u2013 Chegada dos Equipamentos ao Porto de Owendo"},"content":{"rendered":"\n<p>\r\nO grupo de ataque da SOMAFEL constitu\u00eddo por uma socadora de plena via e uma reguladora de lastro com silo chegou a Owendo.\r\n\r\n<\/p>\n\n<!--more-->\n\n<p>No \u00e2mbito do contrato assinado em\r\nfinal de Fevereiro com a SETRAG \u2013 Soci\u00e9t\u00e9 d\u2019Exploitation du Transgabonais para\r\na execu\u00e7\u00e3o de trabalhos de regulariza\u00e7\u00e3o de balastro e ataque mec\u00e2nico pesado\r\nno Caminho de Ferro Transgabonais no Gab\u00e3o, os equipamentos pesados da SOMAFEL\r\n\u2013 Engenharia e Obras Ferrovi\u00e1rias, S.A chegaram no final do m\u00eas de Maio ao\r\nporto de Owendo \u2013 Libreville. <\/p>\n\n<ul class=\"wp-block-gallery columns-2 is-cropped wp-block-gallery-1 is-layout-flex wp-block-gallery-is-layout-flex\">\n<li class=\"blocks-gallery-item\"><figure><img loading=\"lazy\" decoding=\"async\" width=\"1024\" height=\"498\" src=\"https:\/\/somafel.com\/wp-content\/uploads\/2019\/06\/Noticia-3_I-1024x498.jpg\" alt=\"\" data-id=\"3544\" data-link=\"https:\/\/somafel.com\/?attachment_id=3544\" class=\"wp-image-3544\" srcset=\"https:\/\/somafel.com\/wp-content\/uploads\/2019\/06\/Noticia-3_I-1024x498.jpg 1024w, https:\/\/somafel.com\/wp-content\/uploads\/2019\/06\/Noticia-3_I-300x146.jpg 300w, https:\/\/somafel.com\/wp-content\/uploads\/2019\/06\/Noticia-3_I-768x373.jpg 768w, https:\/\/somafel.com\/wp-content\/uploads\/2019\/06\/Noticia-3_I.jpg 1280w\" sizes=\"auto, (max-width: 1024px) 100vw, 1024px\" \/><\/figure><\/li>\n<li class=\"blocks-gallery-item\"><figure><img loading=\"lazy\" decoding=\"async\" width=\"1024\" height=\"576\" src=\"https:\/\/somafel.com\/wp-content\/uploads\/2019\/06\/Noticia-3_II-1024x576.jpg\" alt=\"\" data-id=\"3548\" data-link=\"https:\/\/somafel.com\/?attachment_id=3548\" class=\"wp-image-3548\" srcset=\"https:\/\/somafel.com\/wp-content\/uploads\/2019\/06\/Noticia-3_II-1024x576.jpg 1024w, https:\/\/somafel.com\/wp-content\/uploads\/2019\/06\/Noticia-3_II-300x169.jpg 300w, https:\/\/somafel.com\/wp-content\/uploads\/2019\/06\/Noticia-3_II-768x432.jpg 768w, https:\/\/somafel.com\/wp-content\/uploads\/2019\/06\/Noticia-3_II.jpg 1280w\" sizes=\"auto, (max-width: 1024px) 100vw, 1024px\" \/><\/figure><\/li>\n<\/ul>\n<p>O processo de altera\u00e7\u00e3o \/\r\nadapta\u00e7\u00e3o dos equipamentos, imprescind\u00edvel para a materializa\u00e7\u00e3o do contrato,\r\nteve uma dura\u00e7\u00e3o total de 2 meses, tendo sido realizado integralmente com\r\nrecurso ao pessoal especializado da SOMAFEL nas instala\u00e7\u00f5es oficinais de\r\nOliveirinha \u2013 Carregal do Sal.<\/p>\n\n<p>A interven\u00e7\u00e3o realizada nos\r\nequipamentos consistiu, genericamente, na modifica\u00e7\u00e3o da bitola (dist\u00e2ncia\r\nentre carris) de 1.668mm (bitola ib\u00e9rica) para 1.435mm (bitola internacional),\r\ncom interven\u00e7\u00f5es relevantes ao n\u00edvel dos \u00f3rg\u00e3os de circula\u00e7\u00e3o (rodados, bogies,\r\ngabarit de circula\u00e7\u00e3o, \u2026); de trabalho (chassis de ataque, dispositivo de\r\nalinhamento e nivelamento, \u2026) e de medi\u00e7\u00e3o (carros de medi\u00e7\u00e3o, software de\r\ntrabalho, \u2026)<\/p>\n\n<p>Destaca-se tamb\u00e9m o refor\u00e7o dos\r\nsistemas de climatiza\u00e7\u00e3o das cabines, bem como a realiza\u00e7\u00e3o de uma pintura\r\ngeral dos equipamentos e a implementa\u00e7\u00e3o da nova marca Somafel.<\/p>\n\n<ul class=\"wp-block-gallery columns-1 is-cropped wp-block-gallery-2 is-layout-flex wp-block-gallery-is-layout-flex\"><li class=\"blocks-gallery-item\"><figure><img loading=\"lazy\" decoding=\"async\" width=\"1024\" height=\"498\" src=\"https:\/\/somafel.com\/wp-content\/uploads\/2019\/06\/Noticia-3_IV-1024x498.jpg\" alt=\"\" data-id=\"3552\" data-link=\"https:\/\/somafel.com\/?attachment_id=3552\" class=\"wp-image-3552\" srcset=\"https:\/\/somafel.com\/wp-content\/uploads\/2019\/06\/Noticia-3_IV-1024x498.jpg 1024w, https:\/\/somafel.com\/wp-content\/uploads\/2019\/06\/Noticia-3_IV-300x146.jpg 300w, https:\/\/somafel.com\/wp-content\/uploads\/2019\/06\/Noticia-3_IV-768x373.jpg 768w, https:\/\/somafel.com\/wp-content\/uploads\/2019\/06\/Noticia-3_IV.jpg 1280w\" sizes=\"auto, (max-width: 1024px) 100vw, 1024px\" \/><\/figure><\/li><\/ul>\n<p>Os trabalhos de descarga e\r\nprepara\u00e7\u00e3o dos equipamentos foram acompanhados e realizados por uma equipa de\r\nt\u00e9cnicos da SOMAFEL, estando a opera\u00e7\u00e3o efetiva dos equipamentos agendada para\r\no in\u00edcio do pr\u00f3ximo m\u00eas de julho.<\/p>\n","protected":false},"featured_media":3543,"template":"","class_list":["post-3558","noticias","type-noticias","status-publish","has-post-thumbnail","hentry"],"acf":[],"yoast_head":"<!-- This site is optimized with the Yoast SEO plugin v26.8 - https:\/\/yoast.com\/product\/yoast-seo-wordpress\/ -->\n<title>Gab\u00e3o \u2013 Chegada dos Equipamentos ao Porto de Owendo - SOMAFEL<\/title>\n<meta name=\"robots\" content=\"index, follow, max-snippet:-1, max-image-preview:large, max-video-preview:-1\" \/>\n<link rel=\"canonical\" href=\"https:\/\/somafel.com\/pt-br\/noticias\/gabao-chegada-dos-equipamentos-ao-porto-de-owendo\/\" \/>\n<meta property=\"og:locale\" content=\"pt_BR\" \/>\n<meta property=\"og:type\" content=\"article\" \/>\n<meta property=\"og:title\" content=\"Gab\u00e3o \u2013 Chegada dos Equipamentos ao Porto de Owendo - SOMAFEL\" \/>\n<meta property=\"og:description\" content=\"O grupo de ataque da SOMAFEL constitu\u00eddo por uma socadora de plena via e uma reguladora de lastro com silo chegou a Owendo.\" \/>\n<meta property=\"og:url\" content=\"https:\/\/somafel.com\/pt-br\/noticias\/gabao-chegada-dos-equipamentos-ao-porto-de-owendo\/\" \/>\n<meta property=\"og:site_name\" content=\"SOMAFEL\" \/>\n<meta property=\"og:image\" content=\"https:\/\/somafel.com\/wp-content\/uploads\/2019\/06\/Noticia-3_III.jpg\" \/>\n\t<meta property=\"og:image:width\" content=\"4032\" \/>\n\t<meta property=\"og:image:height\" content=\"1960\" \/>\n\t<meta property=\"og:image:type\" content=\"image\/jpeg\" \/>\n<meta name=\"twitter:card\" content=\"summary_large_image\" \/>\n<meta name=\"twitter:label1\" content=\"Est. tempo de leitura\" \/>\n\t<meta name=\"twitter:data1\" content=\"1 minuto\" \/>\n<script type=\"application\/ld+json\" class=\"yoast-schema-graph\">{\"@context\":\"https:\/\/schema.org\",\"@graph\":[{\"@type\":\"WebPage\",\"@id\":\"https:\/\/somafel.com\/pt-br\/noticias\/gabao-chegada-dos-equipamentos-ao-porto-de-owendo\/\",\"url\":\"https:\/\/somafel.com\/pt-br\/noticias\/gabao-chegada-dos-equipamentos-ao-porto-de-owendo\/\",\"name\":\"Gab\u00e3o \u2013 Chegada dos Equipamentos ao Porto de Owendo - SOMAFEL\",\"isPartOf\":{\"@id\":\"https:\/\/somafel.com\/pt-br\/#website\"},\"primaryImageOfPage\":{\"@id\":\"https:\/\/somafel.com\/pt-br\/noticias\/gabao-chegada-dos-equipamentos-ao-porto-de-owendo\/#primaryimage\"},\"image\":{\"@id\":\"https:\/\/somafel.com\/pt-br\/noticias\/gabao-chegada-dos-equipamentos-ao-porto-de-owendo\/#primaryimage\"},\"thumbnailUrl\":\"https:\/\/somafel.com\/wp-content\/uploads\/2019\/06\/Noticia-3_III.jpg\",\"datePublished\":\"2019-06-11T16:47:39+00:00\",\"breadcrumb\":{\"@id\":\"https:\/\/somafel.com\/pt-br\/noticias\/gabao-chegada-dos-equipamentos-ao-porto-de-owendo\/#breadcrumb\"},\"inLanguage\":\"pt-BR\",\"potentialAction\":[{\"@type\":\"ReadAction\",\"target\":[\"https:\/\/somafel.com\/pt-br\/noticias\/gabao-chegada-dos-equipamentos-ao-porto-de-owendo\/\"]}]},{\"@type\":\"ImageObject\",\"inLanguage\":\"pt-BR\",\"@id\":\"https:\/\/somafel.com\/pt-br\/noticias\/gabao-chegada-dos-equipamentos-ao-porto-de-owendo\/#primaryimage\",\"url\":\"https:\/\/somafel.com\/wp-content\/uploads\/2019\/06\/Noticia-3_III.jpg\",\"contentUrl\":\"https:\/\/somafel.com\/wp-content\/uploads\/2019\/06\/Noticia-3_III.jpg\",\"width\":4032,\"height\":1960,\"caption\":\"Gab\u00e3o \u2013 Chegada dos Equipamentos ao Porto de Owendo\"},{\"@type\":\"BreadcrumbList\",\"@id\":\"https:\/\/somafel.com\/pt-br\/noticias\/gabao-chegada-dos-equipamentos-ao-porto-de-owendo\/#breadcrumb\",\"itemListElement\":[{\"@type\":\"ListItem\",\"position\":1,\"name\":\"In\u00edcio\",\"item\":\"https:\/\/somafel.com\/pt-br\/\"},{\"@type\":\"ListItem\",\"position\":2,\"name\":\"Not\u00edcias\",\"item\":\"https:\/\/somafel.com\/pt-br\/noticias\/\"},{\"@type\":\"ListItem\",\"position\":3,\"name\":\"Gab\u00e3o \u2013 Chegada dos Equipamentos ao Porto de Owendo\"}]},{\"@type\":\"WebSite\",\"@id\":\"https:\/\/somafel.com\/pt-br\/#website\",\"url\":\"https:\/\/somafel.com\/pt-br\/\",\"name\":\"SOMAFEL\",\"description\":\"Railway Works Experts\",\"potentialAction\":[{\"@type\":\"SearchAction\",\"target\":{\"@type\":\"EntryPoint\",\"urlTemplate\":\"https:\/\/somafel.com\/pt-br\/?s={search_term_string}\"},\"query-input\":{\"@type\":\"PropertyValueSpecification\",\"valueRequired\":true,\"valueName\":\"search_term_string\"}}],\"inLanguage\":\"pt-BR\"}]}<\/script>\n<!-- \/ Yoast SEO plugin. -->","yoast_head_json":{"title":"Gab\u00e3o \u2013 Chegada dos Equipamentos ao Porto de Owendo - SOMAFEL","robots":{"index":"index","follow":"follow","max-snippet":"max-snippet:-1","max-image-preview":"max-image-preview:large","max-video-preview":"max-video-preview:-1"},"canonical":"https:\/\/somafel.com\/pt-br\/noticias\/gabao-chegada-dos-equipamentos-ao-porto-de-owendo\/","og_locale":"pt_BR","og_type":"article","og_title":"Gab\u00e3o \u2013 Chegada dos Equipamentos ao Porto de Owendo - SOMAFEL","og_description":"O grupo de ataque da SOMAFEL constitu\u00eddo por uma socadora de plena via e uma reguladora de lastro com silo chegou a Owendo.","og_url":"https:\/\/somafel.com\/pt-br\/noticias\/gabao-chegada-dos-equipamentos-ao-porto-de-owendo\/","og_site_name":"SOMAFEL","og_image":[{"width":4032,"height":1960,"url":"https:\/\/somafel.com\/wp-content\/uploads\/2019\/06\/Noticia-3_III.jpg","type":"image\/jpeg"}],"twitter_card":"summary_large_image","twitter_misc":{"Est. tempo de leitura":"1 minuto"},"schema":{"@context":"https:\/\/schema.org","@graph":[{"@type":"WebPage","@id":"https:\/\/somafel.com\/pt-br\/noticias\/gabao-chegada-dos-equipamentos-ao-porto-de-owendo\/","url":"https:\/\/somafel.com\/pt-br\/noticias\/gabao-chegada-dos-equipamentos-ao-porto-de-owendo\/","name":"Gab\u00e3o \u2013 Chegada dos Equipamentos ao Porto de Owendo - SOMAFEL","isPartOf":{"@id":"https:\/\/somafel.com\/pt-br\/#website"},"primaryImageOfPage":{"@id":"https:\/\/somafel.com\/pt-br\/noticias\/gabao-chegada-dos-equipamentos-ao-porto-de-owendo\/#primaryimage"},"image":{"@id":"https:\/\/somafel.com\/pt-br\/noticias\/gabao-chegada-dos-equipamentos-ao-porto-de-owendo\/#primaryimage"},"thumbnailUrl":"https:\/\/somafel.com\/wp-content\/uploads\/2019\/06\/Noticia-3_III.jpg","datePublished":"2019-06-11T16:47:39+00:00","breadcrumb":{"@id":"https:\/\/somafel.com\/pt-br\/noticias\/gabao-chegada-dos-equipamentos-ao-porto-de-owendo\/#breadcrumb"},"inLanguage":"pt-BR","potentialAction":[{"@type":"ReadAction","target":["https:\/\/somafel.com\/pt-br\/noticias\/gabao-chegada-dos-equipamentos-ao-porto-de-owendo\/"]}]},{"@type":"ImageObject","inLanguage":"pt-BR","@id":"https:\/\/somafel.com\/pt-br\/noticias\/gabao-chegada-dos-equipamentos-ao-porto-de-owendo\/#primaryimage","url":"https:\/\/somafel.com\/wp-content\/uploads\/2019\/06\/Noticia-3_III.jpg","contentUrl":"https:\/\/somafel.com\/wp-content\/uploads\/2019\/06\/Noticia-3_III.jpg","width":4032,"height":1960,"caption":"Gab\u00e3o \u2013 Chegada dos Equipamentos ao Porto de Owendo"},{"@type":"BreadcrumbList","@id":"https:\/\/somafel.com\/pt-br\/noticias\/gabao-chegada-dos-equipamentos-ao-porto-de-owendo\/#breadcrumb","itemListElement":[{"@type":"ListItem","position":1,"name":"In\u00edcio","item":"https:\/\/somafel.com\/pt-br\/"},{"@type":"ListItem","position":2,"name":"Not\u00edcias","item":"https:\/\/somafel.com\/pt-br\/noticias\/"},{"@type":"ListItem","position":3,"name":"Gab\u00e3o \u2013 Chegada dos Equipamentos ao Porto de Owendo"}]},{"@type":"WebSite","@id":"https:\/\/somafel.com\/pt-br\/#website","url":"https:\/\/somafel.com\/pt-br\/","name":"SOMAFEL","description":"Railway Works Experts","potentialAction":[{"@type":"SearchAction","target":{"@type":"EntryPoint","urlTemplate":"https:\/\/somafel.com\/pt-br\/?s={search_term_string}"},"query-input":{"@type":"PropertyValueSpecification","valueRequired":true,"valueName":"search_term_string"}}],"inLanguage":"pt-BR"}]}},"uagb_featured_image_src":{"full":["https:\/\/somafel.com\/wp-content\/uploads\/2019\/06\/Noticia-3_III.jpg",4032,1960,false],"thumbnail":["https:\/\/somafel.com\/wp-content\/uploads\/2019\/06\/Noticia-3_III-150x150.jpg",150,150,true],"medium":["https:\/\/somafel.com\/wp-content\/uploads\/2019\/06\/Noticia-3_III-300x146.jpg",300,146,true],"medium_large":["https:\/\/somafel.com\/wp-content\/uploads\/2019\/06\/Noticia-3_III-768x373.jpg",768,373,true],"large":["https:\/\/somafel.com\/wp-content\/uploads\/2019\/06\/Noticia-3_III-1024x498.jpg",1024,498,true],"1536x1536":["https:\/\/somafel.com\/wp-content\/uploads\/2019\/06\/Noticia-3_III.jpg",1536,747,false],"2048x2048":["https:\/\/somafel.com\/wp-content\/uploads\/2019\/06\/Noticia-3_III.jpg",2048,996,false],"custom-size":["https:\/\/somafel.com\/wp-content\/uploads\/2019\/06\/Noticia-3_III-390x260.jpg",390,260,true]},"uagb_author_info":{"display_name":"","author_link":"https:\/\/somafel.com\/pt-br\/author\/"},"uagb_comment_info":0,"uagb_excerpt":"O grupo de ataque da SOMAFEL constitu\u00eddo por uma socadora de plena via e uma reguladora de lastro com silo chegou a Owendo.","_links":{"self":[{"href":"https:\/\/somafel.com\/pt-br\/wp-json\/wp\/v2\/noticias\/3558","targetHints":{"allow":["GET"]}}],"collection":[{"href":"https:\/\/somafel.com\/pt-br\/wp-json\/wp\/v2\/noticias"}],"about":[{"href":"https:\/\/somafel.com\/pt-br\/wp-json\/wp\/v2\/types\/noticias"}],"wp:featuredmedia":[{"embeddable":true,"href":"https:\/\/somafel.com\/pt-br\/wp-json\/wp\/v2\/media\/3543"}],"wp:attachment":[{"href":"https:\/\/somafel.com\/pt-br\/wp-json\/wp\/v2\/media?parent=3558"}],"curies":[{"name":"wp","href":"https:\/\/api.w.org\/{rel}","templated":true}]}}