
{"id":4574,"date":"2023-06-19T15:37:08","date_gmt":"2023-06-19T15:37:08","guid":{"rendered":"https:\/\/somafel.com\/?post_type=noticias&#038;p=4574"},"modified":"2023-06-19T15:37:10","modified_gmt":"2023-06-19T15:37:10","slug":"somafel-adquire-a-primeira-atacadeira-de-via-b66uc-da-peninsula-iberica","status":"publish","type":"noticias","link":"https:\/\/somafel.com\/pt-br\/noticias\/somafel-adquire-a-primeira-atacadeira-de-via-b66uc-da-peninsula-iberica\/","title":{"rendered":"SOMAFEL adquire a primeira Atacadeira de Via B66UC da Pen\u00ednsula Ib\u00e9rica"},"content":{"rendered":"\n<!--more-->\n\n\n\n<p><!--<p><style>#headerInternal{background-position:top center!important;}<\/style><\/p>--><\/p>\n\n\n\n<p>A SOMAFEL recebeu em Portugal a primeira Atacadeira Universal de Avan\u00e7o Cont\u00ednuo, da marca Matisa modelo B66UC. \u00c9 a primeira m\u00e1quina deste tipo na Pen\u00ednsula Ib\u00e9rica. Como principais caracter\u00edsticas, refira-se o elevado rendimento em opera\u00e7\u00e3o, a tecnologia inovadora de monitoriza\u00e7\u00e3o e controlo do trabalho realizado e o seu elevado desempenho ambiental.<\/p>\n\n\n\n<div style=\"height:21px\" aria-hidden=\"true\" class=\"wp-block-spacer\"><\/div>\n\n\n\n<figure class=\"wp-block-embed is-type-video is-provider-youtube wp-block-embed-youtube wp-embed-aspect-16-9 wp-has-aspect-ratio\"><div class=\"wp-block-embed__wrapper\">\n<iframe loading=\"lazy\" title=\"MATISA B 66 UC \/ SOMAFEL\" width=\"500\" height=\"281\" src=\"https:\/\/www.youtube.com\/embed\/Z8zsREKbZz4?feature=oembed\" frameborder=\"0\" allow=\"accelerometer; autoplay; clipboard-write; encrypted-media; gyroscope; picture-in-picture; web-share\" referrerpolicy=\"strict-origin-when-cross-origin\" allowfullscreen><\/iframe>\n<\/div><\/figure>\n","protected":false},"featured_media":4578,"template":"","class_list":["post-4574","noticias","type-noticias","status-publish","has-post-thumbnail","hentry"],"acf":[],"yoast_head":"<!-- This site is optimized with the Yoast SEO plugin v26.8 - https:\/\/yoast.com\/product\/yoast-seo-wordpress\/ -->\n<title>SOMAFEL adquire a primeira Atacadeira de Via B66UC da Pen\u00ednsula Ib\u00e9rica - SOMAFEL<\/title>\n<meta name=\"robots\" content=\"index, follow, max-snippet:-1, max-image-preview:large, max-video-preview:-1\" \/>\n<link rel=\"canonical\" href=\"https:\/\/somafel.com\/pt-br\/noticias\/somafel-adquire-a-primeira-atacadeira-de-via-b66uc-da-peninsula-iberica\/\" \/>\n<meta property=\"og:locale\" content=\"pt_BR\" \/>\n<meta property=\"og:type\" content=\"article\" \/>\n<meta property=\"og:title\" content=\"SOMAFEL adquire a primeira Atacadeira de Via B66UC da Pen\u00ednsula Ib\u00e9rica - SOMAFEL\" \/>\n<meta property=\"og:url\" content=\"https:\/\/somafel.com\/pt-br\/noticias\/somafel-adquire-a-primeira-atacadeira-de-via-b66uc-da-peninsula-iberica\/\" \/>\n<meta property=\"og:site_name\" content=\"SOMAFEL\" \/>\n<meta property=\"article:modified_time\" content=\"2023-06-19T15:37:10+00:00\" \/>\n<meta property=\"og:image\" content=\"https:\/\/somafel.com\/wp-content\/uploads\/2023\/06\/Captura-de-ecra-2023-06-19-155240.png\" \/>\n\t<meta property=\"og:image:width\" content=\"1918\" \/>\n\t<meta property=\"og:image:height\" content=\"909\" \/>\n\t<meta property=\"og:image:type\" content=\"image\/png\" \/>\n<meta name=\"twitter:card\" content=\"summary_large_image\" \/>\n<meta name=\"twitter:label1\" content=\"Est. tempo de leitura\" \/>\n\t<meta name=\"twitter:data1\" content=\"1 minuto\" \/>\n<script type=\"application\/ld+json\" class=\"yoast-schema-graph\">{\"@context\":\"https:\/\/schema.org\",\"@graph\":[{\"@type\":\"WebPage\",\"@id\":\"https:\/\/somafel.com\/pt-br\/noticias\/somafel-adquire-a-primeira-atacadeira-de-via-b66uc-da-peninsula-iberica\/\",\"url\":\"https:\/\/somafel.com\/pt-br\/noticias\/somafel-adquire-a-primeira-atacadeira-de-via-b66uc-da-peninsula-iberica\/\",\"name\":\"SOMAFEL adquire a primeira Atacadeira de Via B66UC da Pen\u00ednsula Ib\u00e9rica - SOMAFEL\",\"isPartOf\":{\"@id\":\"https:\/\/somafel.com\/pt-br\/#website\"},\"primaryImageOfPage\":{\"@id\":\"https:\/\/somafel.com\/pt-br\/noticias\/somafel-adquire-a-primeira-atacadeira-de-via-b66uc-da-peninsula-iberica\/#primaryimage\"},\"image\":{\"@id\":\"https:\/\/somafel.com\/pt-br\/noticias\/somafel-adquire-a-primeira-atacadeira-de-via-b66uc-da-peninsula-iberica\/#primaryimage\"},\"thumbnailUrl\":\"https:\/\/somafel.com\/wp-content\/uploads\/2023\/06\/Captura-de-ecra-2023-06-19-155240.png\",\"datePublished\":\"2023-06-19T15:37:08+00:00\",\"dateModified\":\"2023-06-19T15:37:10+00:00\",\"breadcrumb\":{\"@id\":\"https:\/\/somafel.com\/pt-br\/noticias\/somafel-adquire-a-primeira-atacadeira-de-via-b66uc-da-peninsula-iberica\/#breadcrumb\"},\"inLanguage\":\"pt-BR\",\"potentialAction\":[{\"@type\":\"ReadAction\",\"target\":[\"https:\/\/somafel.com\/pt-br\/noticias\/somafel-adquire-a-primeira-atacadeira-de-via-b66uc-da-peninsula-iberica\/\"]}]},{\"@type\":\"ImageObject\",\"inLanguage\":\"pt-BR\",\"@id\":\"https:\/\/somafel.com\/pt-br\/noticias\/somafel-adquire-a-primeira-atacadeira-de-via-b66uc-da-peninsula-iberica\/#primaryimage\",\"url\":\"https:\/\/somafel.com\/wp-content\/uploads\/2023\/06\/Captura-de-ecra-2023-06-19-155240.png\",\"contentUrl\":\"https:\/\/somafel.com\/wp-content\/uploads\/2023\/06\/Captura-de-ecra-2023-06-19-155240.png\",\"width\":1918,\"height\":909},{\"@type\":\"BreadcrumbList\",\"@id\":\"https:\/\/somafel.com\/pt-br\/noticias\/somafel-adquire-a-primeira-atacadeira-de-via-b66uc-da-peninsula-iberica\/#breadcrumb\",\"itemListElement\":[{\"@type\":\"ListItem\",\"position\":1,\"name\":\"In\u00edcio\",\"item\":\"https:\/\/somafel.com\/pt-br\/\"},{\"@type\":\"ListItem\",\"position\":2,\"name\":\"Not\u00edcias\",\"item\":\"https:\/\/somafel.com\/pt-br\/noticias\/\"},{\"@type\":\"ListItem\",\"position\":3,\"name\":\"SOMAFEL adquire a primeira Atacadeira de Via B66UC da Pen\u00ednsula Ib\u00e9rica\"}]},{\"@type\":\"WebSite\",\"@id\":\"https:\/\/somafel.com\/pt-br\/#website\",\"url\":\"https:\/\/somafel.com\/pt-br\/\",\"name\":\"SOMAFEL\",\"description\":\"Railway Works Experts\",\"potentialAction\":[{\"@type\":\"SearchAction\",\"target\":{\"@type\":\"EntryPoint\",\"urlTemplate\":\"https:\/\/somafel.com\/pt-br\/?s={search_term_string}\"},\"query-input\":{\"@type\":\"PropertyValueSpecification\",\"valueRequired\":true,\"valueName\":\"search_term_string\"}}],\"inLanguage\":\"pt-BR\"}]}<\/script>\n<!-- \/ Yoast SEO plugin. -->","yoast_head_json":{"title":"SOMAFEL adquire a primeira Atacadeira de Via B66UC da Pen\u00ednsula Ib\u00e9rica - SOMAFEL","robots":{"index":"index","follow":"follow","max-snippet":"max-snippet:-1","max-image-preview":"max-image-preview:large","max-video-preview":"max-video-preview:-1"},"canonical":"https:\/\/somafel.com\/pt-br\/noticias\/somafel-adquire-a-primeira-atacadeira-de-via-b66uc-da-peninsula-iberica\/","og_locale":"pt_BR","og_type":"article","og_title":"SOMAFEL adquire a primeira Atacadeira de Via B66UC da Pen\u00ednsula Ib\u00e9rica - SOMAFEL","og_url":"https:\/\/somafel.com\/pt-br\/noticias\/somafel-adquire-a-primeira-atacadeira-de-via-b66uc-da-peninsula-iberica\/","og_site_name":"SOMAFEL","article_modified_time":"2023-06-19T15:37:10+00:00","og_image":[{"width":1918,"height":909,"url":"https:\/\/somafel.com\/wp-content\/uploads\/2023\/06\/Captura-de-ecra-2023-06-19-155240.png","type":"image\/png"}],"twitter_card":"summary_large_image","twitter_misc":{"Est. tempo de leitura":"1 minuto"},"schema":{"@context":"https:\/\/schema.org","@graph":[{"@type":"WebPage","@id":"https:\/\/somafel.com\/pt-br\/noticias\/somafel-adquire-a-primeira-atacadeira-de-via-b66uc-da-peninsula-iberica\/","url":"https:\/\/somafel.com\/pt-br\/noticias\/somafel-adquire-a-primeira-atacadeira-de-via-b66uc-da-peninsula-iberica\/","name":"SOMAFEL adquire a primeira Atacadeira de Via B66UC da Pen\u00ednsula Ib\u00e9rica - SOMAFEL","isPartOf":{"@id":"https:\/\/somafel.com\/pt-br\/#website"},"primaryImageOfPage":{"@id":"https:\/\/somafel.com\/pt-br\/noticias\/somafel-adquire-a-primeira-atacadeira-de-via-b66uc-da-peninsula-iberica\/#primaryimage"},"image":{"@id":"https:\/\/somafel.com\/pt-br\/noticias\/somafel-adquire-a-primeira-atacadeira-de-via-b66uc-da-peninsula-iberica\/#primaryimage"},"thumbnailUrl":"https:\/\/somafel.com\/wp-content\/uploads\/2023\/06\/Captura-de-ecra-2023-06-19-155240.png","datePublished":"2023-06-19T15:37:08+00:00","dateModified":"2023-06-19T15:37:10+00:00","breadcrumb":{"@id":"https:\/\/somafel.com\/pt-br\/noticias\/somafel-adquire-a-primeira-atacadeira-de-via-b66uc-da-peninsula-iberica\/#breadcrumb"},"inLanguage":"pt-BR","potentialAction":[{"@type":"ReadAction","target":["https:\/\/somafel.com\/pt-br\/noticias\/somafel-adquire-a-primeira-atacadeira-de-via-b66uc-da-peninsula-iberica\/"]}]},{"@type":"ImageObject","inLanguage":"pt-BR","@id":"https:\/\/somafel.com\/pt-br\/noticias\/somafel-adquire-a-primeira-atacadeira-de-via-b66uc-da-peninsula-iberica\/#primaryimage","url":"https:\/\/somafel.com\/wp-content\/uploads\/2023\/06\/Captura-de-ecra-2023-06-19-155240.png","contentUrl":"https:\/\/somafel.com\/wp-content\/uploads\/2023\/06\/Captura-de-ecra-2023-06-19-155240.png","width":1918,"height":909},{"@type":"BreadcrumbList","@id":"https:\/\/somafel.com\/pt-br\/noticias\/somafel-adquire-a-primeira-atacadeira-de-via-b66uc-da-peninsula-iberica\/#breadcrumb","itemListElement":[{"@type":"ListItem","position":1,"name":"In\u00edcio","item":"https:\/\/somafel.com\/pt-br\/"},{"@type":"ListItem","position":2,"name":"Not\u00edcias","item":"https:\/\/somafel.com\/pt-br\/noticias\/"},{"@type":"ListItem","position":3,"name":"SOMAFEL adquire a primeira Atacadeira de Via B66UC da Pen\u00ednsula Ib\u00e9rica"}]},{"@type":"WebSite","@id":"https:\/\/somafel.com\/pt-br\/#website","url":"https:\/\/somafel.com\/pt-br\/","name":"SOMAFEL","description":"Railway Works Experts","potentialAction":[{"@type":"SearchAction","target":{"@type":"EntryPoint","urlTemplate":"https:\/\/somafel.com\/pt-br\/?s={search_term_string}"},"query-input":{"@type":"PropertyValueSpecification","valueRequired":true,"valueName":"search_term_string"}}],"inLanguage":"pt-BR"}]}},"uagb_featured_image_src":{"full":["https:\/\/somafel.com\/wp-content\/uploads\/2023\/06\/Captura-de-ecra-2023-06-19-155240.png",1918,909,false],"thumbnail":["https:\/\/somafel.com\/wp-content\/uploads\/2023\/06\/Captura-de-ecra-2023-06-19-155240-150x150.png",150,150,true],"medium":["https:\/\/somafel.com\/wp-content\/uploads\/2023\/06\/Captura-de-ecra-2023-06-19-155240-300x142.png",300,142,true],"medium_large":["https:\/\/somafel.com\/wp-content\/uploads\/2023\/06\/Captura-de-ecra-2023-06-19-155240-768x364.png",768,364,true],"large":["https:\/\/somafel.com\/wp-content\/uploads\/2023\/06\/Captura-de-ecra-2023-06-19-155240-1024x485.png",1024,485,true],"1536x1536":["https:\/\/somafel.com\/wp-content\/uploads\/2023\/06\/Captura-de-ecra-2023-06-19-155240-1536x728.png",1536,728,true],"2048x2048":["https:\/\/somafel.com\/wp-content\/uploads\/2023\/06\/Captura-de-ecra-2023-06-19-155240.png",1918,909,false],"custom-size":["https:\/\/somafel.com\/wp-content\/uploads\/2023\/06\/Captura-de-ecra-2023-06-19-155240-390x260.png",390,260,true]},"uagb_author_info":{"display_name":"Marketing Teixeira Duarte","author_link":"https:\/\/somafel.com\/pt-br\/author\/"},"uagb_comment_info":0,"uagb_excerpt":null,"_links":{"self":[{"href":"https:\/\/somafel.com\/pt-br\/wp-json\/wp\/v2\/noticias\/4574","targetHints":{"allow":["GET"]}}],"collection":[{"href":"https:\/\/somafel.com\/pt-br\/wp-json\/wp\/v2\/noticias"}],"about":[{"href":"https:\/\/somafel.com\/pt-br\/wp-json\/wp\/v2\/types\/noticias"}],"wp:featuredmedia":[{"embeddable":true,"href":"https:\/\/somafel.com\/pt-br\/wp-json\/wp\/v2\/media\/4578"}],"wp:attachment":[{"href":"https:\/\/somafel.com\/pt-br\/wp-json\/wp\/v2\/media?parent=4574"}],"curies":[{"name":"wp","href":"https:\/\/api.w.org\/{rel}","templated":true}]}}